{"id":4313,"date":"2025-03-17T08:07:55","date_gmt":"2025-03-17T13:07:55","guid":{"rendered":"https:\/\/www.celec.gob.ec\/hidroagoyan\/?p=4313"},"modified":"2025-03-17T08:07:56","modified_gmt":"2025-03-17T13:07:56","slug":"celec-ep-refuerza-acciones-de-apoyo-y-prevencion-ante-la-temporada-invernal-en-la-zona-sur-del-pais","status":"publish","type":"post","link":"https:\/\/www.celec.gob.ec\/hidroagoyan\/noticias-noticias\/celec-ep-refuerza-acciones-de-apoyo-y-prevencion-ante-la-temporada-invernal-en-la-zona-sur-del-pais\/","title":{"rendered":"CELEC EP refuerza acciones de apoyo y prevenci\u00f3n ante la temporada invernal en la zona sur del pa\u00eds"},"content":{"rendered":"\n<figure class=\"wp-block-image size-large\"><img loading=\"lazy\" decoding=\"async\" width=\"1024\" height=\"492\" src=\"https:\/\/www.celec.gob.ec\/hidroagoyan\/wp-content\/uploads\/2025\/03\/maquinaria-1024x492.jpg\" alt=\"\" class=\"wp-image-4314\" srcset=\"https:\/\/www.celec.gob.ec\/hidroagoyan\/wp-content\/uploads\/2025\/03\/maquinaria-1024x492.jpg 1024w, https:\/\/www.celec.gob.ec\/hidroagoyan\/wp-content\/uploads\/2025\/03\/maquinaria-300x144.jpg 300w, https:\/\/www.celec.gob.ec\/hidroagoyan\/wp-content\/uploads\/2025\/03\/maquinaria-768x369.jpg 768w, https:\/\/www.celec.gob.ec\/hidroagoyan\/wp-content\/uploads\/2025\/03\/maquinaria-200x96.jpg 200w, https:\/\/www.celec.gob.ec\/hidroagoyan\/wp-content\/uploads\/2025\/03\/maquinaria.jpg 1041w\" sizes=\"auto, (max-width: 1024px) 100vw, 1024px\" \/><\/figure>\n\n\n\n<p>La fuerte temporada invernal que atraviesa el pa\u00eds ha generado intensas lluvias en la zona sur, afectando varias v\u00edas y comunidades. Ante esta situaci\u00f3n, la Corporaci\u00f3n El\u00e9ctrica del Ecuador \u2013 CELEC EP, a trav\u00e9s de la Unidad de Negocio CELEC SUR, ha desplegado un contingente t\u00e9cnico y operativo para colaborar en la habilitaci\u00f3n de v\u00edas y la mitigaci\u00f3n de impactos en zonas cr\u00edticas.<\/p>\n\n\n\n<p>En coordinaci\u00f3n con las mesas t\u00e9cnicas, comit\u00e9s de emergencia e instituciones competentes, CELEC SUR intervino en la v\u00eda Loja \u2013 Malacatos, sector Nangora, con el despliegue de personal t\u00e9cnico y maquinaria que incluy\u00f3 un t\u00e9cnico civil, una retroexcavadora y un volquete. Gracias a esta acci\u00f3n, se aport\u00f3 en labores efectivas de limpieza y retiro de material, permitiendo la rehabilitaci\u00f3n de esta importante arteria vial.<\/p>\n\n\n\n<p>Asimismo, CELEC SUR ha colaborado en el traslado de material p\u00e9treo hacia el puente de la Av. Lateral de paso \u00c1ngel Felic\u00edsimo Rojas y Av. \u00c9xodo de Yangana, sector El Capul\u00ed, en Loja, como parte de las acciones para reforzar la conectividad y mejorar la movilidad en la zona.<\/p>\n\n\n\n<p>Adem\u00e1s, en las zonas cercanas a las centrales de generaci\u00f3n de CELEC SUR, se han intensificado las labores de prevenci\u00f3n, mantenimiento y limpieza en las v\u00edas de acceso a las centrales, garantizando la operatividad del sistema energ\u00e9tico y la seguridad de las comunidades aleda\u00f1as.<\/p>\n\n\n\n<p>El Gerente de la Unidad de Negocio CELEC SUR, Miguel Andrade, enfatiz\u00f3 que la empresa se mantiene en constante monitoreo y acci\u00f3n preventiva para mitigar los efectos de la temporada invernal para asegurar el correcto funcionamiento de las centrales e infraestructuras, as\u00ed como contribuir con el bienestar de la poblaci\u00f3n\u00bb.<\/p>\n\n\n\n<p>CELEC EP ratifica su compromiso con la seguridad y el desarrollo de las comunidades, reafirmando su rol estrat\u00e9gico en la gesti\u00f3n social, ambiental y la generaci\u00f3n de energ\u00eda para el pa\u00eds.<\/p>\n","protected":false},"excerpt":{"rendered":"<p>La fuerte temporada invernal que atraviesa el pa\u00eds ha generado intensas lluvias en la zona sur, afectando varias v\u00edas y comunidades. Ante esta situaci\u00f3n, la Corporaci\u00f3n El\u00e9ctrica del Ecuador \u2013 CELEC EP, a trav\u00e9s de la Unidad de Negocio CELEC SUR, ha desplegado un contingente t\u00e9cnico y operativo para colaborar en la habilitaci\u00f3n de v\u00edas [&hellip;]<\/p>\n","protected":false},"author":3,"featured_media":4314,"comment_status":"open","ping_status":"open","sticky":false,"template":"","format":"standard","meta":{"_acf_changed":false,"_themeisle_gutenberg_block_has_review":false,"footnotes":""},"categories":[7],"tags":[17,27,20],"class_list":["post-4313","post","type-post","status-publish","format-standard","has-post-thumbnail","hentry","category-noticias-noticias","tag-celec-ep","tag-energia-renovable","tag-sector-electrico"],"acf":[],"publishpress_future_action":{"enabled":false,"date":"2026-05-06 03:09:18","action":"change-status","newStatus":"draft","terms":[],"taxonomy":"category","extraData":[]},"publishpress_future_workflow_manual_trigger":{"enabledWorkflows":[]},"_links":{"self":[{"href":"https:\/\/www.celec.gob.ec\/hidroagoyan\/wp-json\/wp\/v2\/posts\/4313","targetHints":{"allow":["GET"]}}],"collection":[{"href":"https:\/\/www.celec.gob.ec\/hidroagoyan\/wp-json\/wp\/v2\/posts"}],"about":[{"href":"https:\/\/www.celec.gob.ec\/hidroagoyan\/wp-json\/wp\/v2\/types\/post"}],"author":[{"embeddable":true,"href":"https:\/\/www.celec.gob.ec\/hidroagoyan\/wp-json\/wp\/v2\/users\/3"}],"replies":[{"embeddable":true,"href":"https:\/\/www.celec.gob.ec\/hidroagoyan\/wp-json\/wp\/v2\/comments?post=4313"}],"version-history":[{"count":1,"href":"https:\/\/www.celec.gob.ec\/hidroagoyan\/wp-json\/wp\/v2\/posts\/4313\/revisions"}],"predecessor-version":[{"id":4315,"href":"https:\/\/www.celec.gob.ec\/hidroagoyan\/wp-json\/wp\/v2\/posts\/4313\/revisions\/4315"}],"wp:featuredmedia":[{"embeddable":true,"href":"https:\/\/www.celec.gob.ec\/hidroagoyan\/wp-json\/wp\/v2\/media\/4314"}],"wp:attachment":[{"href":"https:\/\/www.celec.gob.ec\/hidroagoyan\/wp-json\/wp\/v2\/media?parent=4313"}],"wp:term":[{"taxonomy":"category","embeddable":true,"href":"https:\/\/www.celec.gob.ec\/hidroagoyan\/wp-json\/wp\/v2\/categories?post=4313"},{"taxonomy":"post_tag","embeddable":true,"href":"https:\/\/www.celec.gob.ec\/hidroagoyan\/wp-json\/wp\/v2\/tags?post=4313"}],"curies":[{"name":"wp","href":"https:\/\/api.w.org\/{rel}","templated":true}]}}