{"id":4466,"date":"2025-06-23T07:37:11","date_gmt":"2025-06-23T12:37:11","guid":{"rendered":"https:\/\/www.celec.gob.ec\/hidroagoyan\/?p=4466"},"modified":"2025-06-23T07:37:11","modified_gmt":"2025-06-23T12:37:11","slug":"trabajo-emergente-en-la-subestacion-pascuales-guayas","status":"publish","type":"post","link":"https:\/\/www.celec.gob.ec\/hidroagoyan\/noticias-noticias\/trabajo-emergente-en-la-subestacion-pascuales-guayas\/","title":{"rendered":"Trabajo emergente en la subestaci\u00f3n Pascuales, Guayas"},"content":{"rendered":"\n<p>La Corporaci\u00f3n El\u00e9ctrica del Ecuador \u2013 CELEC EP, a trav\u00e9s de su Unidad de Negocio Transelectric, informa que, este lunes 23 de junio de 2025, se realizar\u00e1n trabajos emergentes en la subestaci\u00f3n Pascuales, ubicada en la provincia del Guayas.<\/p>\n\n\n\n<p>Esta intervenci\u00f3n ocasionar\u00e1 una restricci\u00f3n parcial del servicio de energ\u00eda el\u00e9ctrica a CNEL EP Unidad de Negocio Guayas \u2013 Los R\u00edos, afectando a los sectores de la v\u00eda a Daule, cantones Pedro Carbo, Lomas de Sargentillo y zonas aleda\u00f1as, en el horario de 06:00 a 09:00.<\/p>\n\n\n\n<p>CELEC EP agradece la comprensi\u00f3n ante los inconvenientes que esta situaci\u00f3n pueda generar.<\/p>\n","protected":false},"excerpt":{"rendered":"<p>La Corporaci\u00f3n El\u00e9ctrica del Ecuador \u2013 CELEC EP, a trav\u00e9s de su Unidad de Negocio Transelectric, informa que, este lunes 23 de junio de 2025, se realizar\u00e1n trabajos emergentes en la subestaci\u00f3n Pascuales, ubicada en la provincia del Guayas. Esta intervenci\u00f3n ocasionar\u00e1 una restricci\u00f3n parcial del servicio de energ\u00eda el\u00e9ctrica a CNEL EP Unidad de [&hellip;]<\/p>\n","protected":false},"author":3,"featured_media":0,"comment_status":"open","ping_status":"open","sticky":false,"template":"","format":"standard","meta":{"_acf_changed":false,"_themeisle_gutenberg_block_has_review":false,"footnotes":""},"categories":[7],"tags":[17,27,20],"class_list":["post-4466","post","type-post","status-publish","format-standard","hentry","category-noticias-noticias","tag-celec-ep","tag-energia-renovable","tag-sector-electrico"],"acf":[],"publishpress_future_action":{"enabled":false,"date":"2026-05-05 22:48:43","action":"change-status","newStatus":"draft","terms":[],"taxonomy":"category","extraData":[]},"publishpress_future_workflow_manual_trigger":{"enabledWorkflows":[]},"_links":{"self":[{"href":"https:\/\/www.celec.gob.ec\/hidroagoyan\/wp-json\/wp\/v2\/posts\/4466","targetHints":{"allow":["GET"]}}],"collection":[{"href":"https:\/\/www.celec.gob.ec\/hidroagoyan\/wp-json\/wp\/v2\/posts"}],"about":[{"href":"https:\/\/www.celec.gob.ec\/hidroagoyan\/wp-json\/wp\/v2\/types\/post"}],"author":[{"embeddable":true,"href":"https:\/\/www.celec.gob.ec\/hidroagoyan\/wp-json\/wp\/v2\/users\/3"}],"replies":[{"embeddable":true,"href":"https:\/\/www.celec.gob.ec\/hidroagoyan\/wp-json\/wp\/v2\/comments?post=4466"}],"version-history":[{"count":1,"href":"https:\/\/www.celec.gob.ec\/hidroagoyan\/wp-json\/wp\/v2\/posts\/4466\/revisions"}],"predecessor-version":[{"id":4467,"href":"https:\/\/www.celec.gob.ec\/hidroagoyan\/wp-json\/wp\/v2\/posts\/4466\/revisions\/4467"}],"wp:attachment":[{"href":"https:\/\/www.celec.gob.ec\/hidroagoyan\/wp-json\/wp\/v2\/media?parent=4466"}],"wp:term":[{"taxonomy":"category","embeddable":true,"href":"https:\/\/www.celec.gob.ec\/hidroagoyan\/wp-json\/wp\/v2\/categories?post=4466"},{"taxonomy":"post_tag","embeddable":true,"href":"https:\/\/www.celec.gob.ec\/hidroagoyan\/wp-json\/wp\/v2\/tags?post=4466"}],"curies":[{"name":"wp","href":"https:\/\/api.w.org\/{rel}","templated":true}]}}