{"id":4925,"date":"2026-03-13T19:33:00","date_gmt":"2026-03-14T00:33:00","guid":{"rendered":"https:\/\/www.celec.gob.ec\/hidroagoyan\/?p=4925"},"modified":"2026-03-16T07:34:12","modified_gmt":"2026-03-16T12:34:12","slug":"mantenimiento-preventivo-en-la-subestacion-pedernales","status":"publish","type":"post","link":"https:\/\/www.celec.gob.ec\/hidroagoyan\/noticias-noticias\/mantenimiento-preventivo-en-la-subestacion-pedernales\/","title":{"rendered":"Mantenimiento preventivo en la subestaci\u00f3n Pedernales"},"content":{"rendered":"\n<p>Este domingo 15 y lunes 16 de marzo de 2026, la Corporaci\u00f3n El\u00e9ctrica del Ecuador (CELEC EP), a trav\u00e9s de la Unidad de Negocio Transelectric, efectuar\u00e1 trabajos de mantenimiento preventivo en el transformador de la subestaci\u00f3n Pedernales, ubicada en la provincia de Manab\u00ed.<\/p>\n\n\n\n<p>Los trabajos consisten en la ejecuci\u00f3n de pruebas el\u00e9ctricas para verificar el adecuado estado operativo del transformador. El objetivo es mejorar la calidad del servicio el\u00e9ctrico y garantizar la continuidad de su abastecimiento, en beneficio de m\u00e1s de 90 mil habitantes de los cantones Pedernales y Jama.<\/p>\n\n\n\n<p>La ejecuci\u00f3n de estas actividades requerir\u00e1 una restricci\u00f3n del servicio el\u00e9ctrico en los cantones Jama y Pedernales de acuerdo con el siguiente detalle:<\/p>\n\n\n\n<p>Domingo 15 de marzo: de 08:00 a 10:00<\/p>\n\n\n\n<p>Lunes 16 de marzo: de 14:00 a 16:00<\/p>\n\n\n\n<p>La CELEC EP agradece la comprensi\u00f3n ante los posibles inconvenientes.<\/p>\n","protected":false},"excerpt":{"rendered":"<p>Este domingo 15 y lunes 16 de marzo de 2026, la Corporaci\u00f3n El\u00e9ctrica del Ecuador (CELEC EP), a trav\u00e9s de la Unidad de Negocio Transelectric, efectuar\u00e1 trabajos de mantenimiento preventivo en el transformador de la subestaci\u00f3n Pedernales, ubicada en la provincia de Manab\u00ed. Los trabajos consisten en la ejecuci\u00f3n de pruebas el\u00e9ctricas para verificar el [&hellip;]<\/p>\n","protected":false},"author":3,"featured_media":0,"comment_status":"open","ping_status":"open","sticky":false,"template":"","format":"standard","meta":{"_acf_changed":false,"_themeisle_gutenberg_block_has_review":false,"footnotes":""},"categories":[7],"tags":[17,27,20],"class_list":["post-4925","post","type-post","status-publish","format-standard","hentry","category-noticias-noticias","tag-celec-ep","tag-energia-renovable","tag-sector-electrico"],"acf":[],"publishpress_future_action":{"enabled":false,"date":"2026-05-07 19:51:21","action":"change-status","newStatus":"draft","terms":[],"taxonomy":"category","extraData":[]},"publishpress_future_workflow_manual_trigger":{"enabledWorkflows":[]},"_links":{"self":[{"href":"https:\/\/www.celec.gob.ec\/hidroagoyan\/wp-json\/wp\/v2\/posts\/4925","targetHints":{"allow":["GET"]}}],"collection":[{"href":"https:\/\/www.celec.gob.ec\/hidroagoyan\/wp-json\/wp\/v2\/posts"}],"about":[{"href":"https:\/\/www.celec.gob.ec\/hidroagoyan\/wp-json\/wp\/v2\/types\/post"}],"author":[{"embeddable":true,"href":"https:\/\/www.celec.gob.ec\/hidroagoyan\/wp-json\/wp\/v2\/users\/3"}],"replies":[{"embeddable":true,"href":"https:\/\/www.celec.gob.ec\/hidroagoyan\/wp-json\/wp\/v2\/comments?post=4925"}],"version-history":[{"count":1,"href":"https:\/\/www.celec.gob.ec\/hidroagoyan\/wp-json\/wp\/v2\/posts\/4925\/revisions"}],"predecessor-version":[{"id":4926,"href":"https:\/\/www.celec.gob.ec\/hidroagoyan\/wp-json\/wp\/v2\/posts\/4925\/revisions\/4926"}],"wp:attachment":[{"href":"https:\/\/www.celec.gob.ec\/hidroagoyan\/wp-json\/wp\/v2\/media?parent=4925"}],"wp:term":[{"taxonomy":"category","embeddable":true,"href":"https:\/\/www.celec.gob.ec\/hidroagoyan\/wp-json\/wp\/v2\/categories?post=4925"},{"taxonomy":"post_tag","embeddable":true,"href":"https:\/\/www.celec.gob.ec\/hidroagoyan\/wp-json\/wp\/v2\/tags?post=4925"}],"curies":[{"name":"wp","href":"https:\/\/api.w.org\/{rel}","templated":true}]}}