{"id":4927,"date":"2026-03-13T19:34:00","date_gmt":"2026-03-14T00:34:00","guid":{"rendered":"https:\/\/www.celec.gob.ec\/hidroagoyan\/?p=4927"},"modified":"2026-03-16T07:35:12","modified_gmt":"2026-03-16T12:35:12","slug":"trabajo-emergente-en-la-subestacion-duran","status":"publish","type":"post","link":"https:\/\/www.celec.gob.ec\/hidroagoyan\/noticias-noticias\/trabajo-emergente-en-la-subestacion-duran\/","title":{"rendered":"Trabajo emergente en la subestaci\u00f3n Dur\u00e1n"},"content":{"rendered":"\n<p>Este domingo 15 de marzo de 2026, la Corporaci\u00f3n El\u00e9ctrica del Ecuador (CELEC EP), a trav\u00e9s de la Unidad de Negocio Transelectric, efectuar\u00e1 trabajos emergentes en la subestaci\u00f3n Dur\u00e1n, ubicada en la provincia de Guayas.<\/p>\n\n\n\n<p>Los trabajos consisten en la estabilizaci\u00f3n de varios componentes de la instalaci\u00f3n en donde se han identificado incrementos de temperatura, que pudieran poner en riesgo la infraestructura. El objetivo es mejorar la calidad del servicio el\u00e9ctrico y garantizar la continuidad de su abastecimiento en beneficio de cerca de 90 mil habitantes del cant\u00f3n Naranjal.<\/p>\n\n\n\n<p>La ejecuci\u00f3n de estas actividades requerir\u00e1 una restricci\u00f3n del servicio el\u00e9ctrico, entre las 08:00 y las 11:00, en la siguiente zona de la provincia del Guayas:<\/p>\n\n\n\n<p>Cant\u00f3n Naranjal, parroquia Puerto Inca.<\/p>\n\n\n\n<p>La CELEC EP agradece la comprensi\u00f3n ante los posibles inconvenientes.<\/p>\n","protected":false},"excerpt":{"rendered":"<p>Este domingo 15 de marzo de 2026, la Corporaci\u00f3n El\u00e9ctrica del Ecuador (CELEC EP), a trav\u00e9s de la Unidad de Negocio Transelectric, efectuar\u00e1 trabajos emergentes en la subestaci\u00f3n Dur\u00e1n, ubicada en la provincia de Guayas. Los trabajos consisten en la estabilizaci\u00f3n de varios componentes de la instalaci\u00f3n en donde se han identificado incrementos de temperatura, [&hellip;]<\/p>\n","protected":false},"author":3,"featured_media":0,"comment_status":"open","ping_status":"open","sticky":false,"template":"","format":"standard","meta":{"_acf_changed":false,"_themeisle_gutenberg_block_has_review":false,"footnotes":""},"categories":[7],"tags":[17,27,20],"class_list":["post-4927","post","type-post","status-publish","format-standard","hentry","category-noticias-noticias","tag-celec-ep","tag-energia-renovable","tag-sector-electrico"],"acf":[],"publishpress_future_action":{"enabled":false,"date":"2026-05-07 19:39:42","action":"change-status","newStatus":"draft","terms":[],"taxonomy":"category","extraData":[]},"publishpress_future_workflow_manual_trigger":{"enabledWorkflows":[]},"_links":{"self":[{"href":"https:\/\/www.celec.gob.ec\/hidroagoyan\/wp-json\/wp\/v2\/posts\/4927","targetHints":{"allow":["GET"]}}],"collection":[{"href":"https:\/\/www.celec.gob.ec\/hidroagoyan\/wp-json\/wp\/v2\/posts"}],"about":[{"href":"https:\/\/www.celec.gob.ec\/hidroagoyan\/wp-json\/wp\/v2\/types\/post"}],"author":[{"embeddable":true,"href":"https:\/\/www.celec.gob.ec\/hidroagoyan\/wp-json\/wp\/v2\/users\/3"}],"replies":[{"embeddable":true,"href":"https:\/\/www.celec.gob.ec\/hidroagoyan\/wp-json\/wp\/v2\/comments?post=4927"}],"version-history":[{"count":1,"href":"https:\/\/www.celec.gob.ec\/hidroagoyan\/wp-json\/wp\/v2\/posts\/4927\/revisions"}],"predecessor-version":[{"id":4928,"href":"https:\/\/www.celec.gob.ec\/hidroagoyan\/wp-json\/wp\/v2\/posts\/4927\/revisions\/4928"}],"wp:attachment":[{"href":"https:\/\/www.celec.gob.ec\/hidroagoyan\/wp-json\/wp\/v2\/media?parent=4927"}],"wp:term":[{"taxonomy":"category","embeddable":true,"href":"https:\/\/www.celec.gob.ec\/hidroagoyan\/wp-json\/wp\/v2\/categories?post=4927"},{"taxonomy":"post_tag","embeddable":true,"href":"https:\/\/www.celec.gob.ec\/hidroagoyan\/wp-json\/wp\/v2\/tags?post=4927"}],"curies":[{"name":"wp","href":"https:\/\/api.w.org\/{rel}","templated":true}]}}