{"id":4929,"date":"2026-03-15T19:35:00","date_gmt":"2026-03-16T00:35:00","guid":{"rendered":"https:\/\/www.celec.gob.ec\/hidroagoyan\/?p=4929"},"modified":"2026-03-16T07:36:13","modified_gmt":"2026-03-16T12:36:13","slug":"la-celec-ep-incorporara-siete-megavatios-al-sistema-electrico-de-santa-elena-para-mitigar-afectaciones-por-dano-en-un-autotransformador","status":"publish","type":"post","link":"https:\/\/www.celec.gob.ec\/hidroagoyan\/noticias-noticias\/la-celec-ep-incorporara-siete-megavatios-al-sistema-electrico-de-santa-elena-para-mitigar-afectaciones-por-dano-en-un-autotransformador\/","title":{"rendered":"La CELEC EP incorporar\u00e1 siete megavatios al sistema el\u00e9ctrico de Santa Elena para mitigar afectaciones por da\u00f1o en un autotransformador"},"content":{"rendered":"\n<p>La Corporaci\u00f3n El\u00e9ctrica del Ecuador (CELEC EP), a trav\u00e9s de su Unidad de Negocio Transelectric, informa que, este lunes 16 de marzo, se ejecutar\u00e1n trabajos programados en la Central T\u00e9rmica Santa Elena II, con el objetivo de energizar y poner en operaci\u00f3n un transformador de 10 megavoltamperios (MVA).&nbsp;<strong>Estas labores t\u00e9cnicas ocasionar\u00e1n una restricci\u00f3n parcial en el servicio de electricidad, entre las 00:00 y las 04:00<\/strong>, en algunos sectores de la provincia de Santa Elena.<\/p>\n\n\n\n<p><strong>La puesta en servicio de este equipo permitir\u00e1 incorporar aproximadamente siete megavatios (MW) al sistema el\u00e9ctrico de la provincia<\/strong>, lo que contribuir\u00e1 a reducir la restricci\u00f3n del suministro el\u00e9ctrico, debido a un da\u00f1o irreversible en el autotransformador ATQ de 138\/69 kilovoltios (kV), registrado el pasado 28 de febrero.<\/p>\n\n\n\n<p>Los trabajos se ejecutan en coordinaci\u00f3n con el Operador Nacional de Electricidad (CENACE), con el objetivo de avanzar progresivamente en la normalizaci\u00f3n del servicio.<\/p>\n\n\n\n<p>La CELEC EP agradece la comprensi\u00f3n de la ciudadan\u00eda por los posibles inconvenientes que puedan presentarse durante la ejecuci\u00f3n de los trabajos y recomienda mantenerse informada a trav\u00e9s de los canales oficiales.<\/p>\n\n\n\n<p><\/p>\n","protected":false},"excerpt":{"rendered":"<p>La Corporaci\u00f3n El\u00e9ctrica del Ecuador (CELEC EP), a trav\u00e9s de su Unidad de Negocio Transelectric, informa que, este lunes 16 de marzo, se ejecutar\u00e1n trabajos programados en la Central T\u00e9rmica Santa Elena II, con el objetivo de energizar y poner en operaci\u00f3n un transformador de 10 megavoltamperios (MVA).&nbsp;Estas labores t\u00e9cnicas ocasionar\u00e1n una restricci\u00f3n parcial en [&hellip;]<\/p>\n","protected":false},"author":3,"featured_media":0,"comment_status":"open","ping_status":"open","sticky":false,"template":"","format":"standard","meta":{"_acf_changed":false,"_themeisle_gutenberg_block_has_review":false,"footnotes":""},"categories":[7],"tags":[17,27,20],"class_list":["post-4929","post","type-post","status-publish","format-standard","hentry","category-noticias-noticias","tag-celec-ep","tag-energia-renovable","tag-sector-electrico"],"acf":[],"publishpress_future_action":{"enabled":false,"date":"2026-05-07 19:51:50","action":"change-status","newStatus":"draft","terms":[],"taxonomy":"category","extraData":[]},"publishpress_future_workflow_manual_trigger":{"enabledWorkflows":[]},"_links":{"self":[{"href":"https:\/\/www.celec.gob.ec\/hidroagoyan\/wp-json\/wp\/v2\/posts\/4929","targetHints":{"allow":["GET"]}}],"collection":[{"href":"https:\/\/www.celec.gob.ec\/hidroagoyan\/wp-json\/wp\/v2\/posts"}],"about":[{"href":"https:\/\/www.celec.gob.ec\/hidroagoyan\/wp-json\/wp\/v2\/types\/post"}],"author":[{"embeddable":true,"href":"https:\/\/www.celec.gob.ec\/hidroagoyan\/wp-json\/wp\/v2\/users\/3"}],"replies":[{"embeddable":true,"href":"https:\/\/www.celec.gob.ec\/hidroagoyan\/wp-json\/wp\/v2\/comments?post=4929"}],"version-history":[{"count":1,"href":"https:\/\/www.celec.gob.ec\/hidroagoyan\/wp-json\/wp\/v2\/posts\/4929\/revisions"}],"predecessor-version":[{"id":4930,"href":"https:\/\/www.celec.gob.ec\/hidroagoyan\/wp-json\/wp\/v2\/posts\/4929\/revisions\/4930"}],"wp:attachment":[{"href":"https:\/\/www.celec.gob.ec\/hidroagoyan\/wp-json\/wp\/v2\/media?parent=4929"}],"wp:term":[{"taxonomy":"category","embeddable":true,"href":"https:\/\/www.celec.gob.ec\/hidroagoyan\/wp-json\/wp\/v2\/categories?post=4929"},{"taxonomy":"post_tag","embeddable":true,"href":"https:\/\/www.celec.gob.ec\/hidroagoyan\/wp-json\/wp\/v2\/tags?post=4929"}],"curies":[{"name":"wp","href":"https:\/\/api.w.org\/{rel}","templated":true}]}}