{"id":5293,"date":"2026-08-28T10:23:25","date_gmt":"2026-08-28T15:23:25","guid":{"rendered":"https:\/\/www.celec.gob.ec\/hidroagoyan\/?p=5293"},"modified":"2026-08-31T10:25:04","modified_gmt":"2026-08-31T15:25:04","slug":"celec-ep-impulsa-la-recuperacion-de-la-generacion-termica-en-esmeraldas-y-fortalece-su-compromiso-ambiental-y-social","status":"publish","type":"post","link":"https:\/\/www.celec.gob.ec\/hidroagoyan\/noticias-noticias\/celec-ep-impulsa-la-recuperacion-de-la-generacion-termica-en-esmeraldas-y-fortalece-su-compromiso-ambiental-y-social\/","title":{"rendered":"CELEC EP impulsa la recuperaci\u00f3n de la generaci\u00f3n t\u00e9rmica en Esmeraldas y fortalece su compromiso ambiental y social"},"content":{"rendered":"\n<figure class=\"wp-block-image size-full\"><img loading=\"lazy\" decoding=\"async\" width=\"1024\" height=\"310\" src=\"https:\/\/www.celec.gob.ec\/hidroagoyan\/wp-content\/uploads\/2026\/08\/FOTO.jpg-1-1-1024x310-1.jpg\" alt=\"\" class=\"wp-image-5294\" srcset=\"https:\/\/www.celec.gob.ec\/hidroagoyan\/wp-content\/uploads\/2026\/08\/FOTO.jpg-1-1-1024x310-1.jpg 1024w, https:\/\/www.celec.gob.ec\/hidroagoyan\/wp-content\/uploads\/2026\/08\/FOTO.jpg-1-1-1024x310-1-300x91.jpg 300w, https:\/\/www.celec.gob.ec\/hidroagoyan\/wp-content\/uploads\/2026\/08\/FOTO.jpg-1-1-1024x310-1-768x233.jpg 768w, https:\/\/www.celec.gob.ec\/hidroagoyan\/wp-content\/uploads\/2026\/08\/FOTO.jpg-1-1-1024x310-1-200x61.jpg 200w\" sizes=\"auto, (max-width: 1024px) 100vw, 1024px\" \/><\/figure>\n\n\n\n<p class=\"wp-block-paragraph\">El gerente general de la Corporaci\u00f3n El\u00e9ctrica del Ecuador (CELEC EP), Antonio J\u00e1come, desarroll\u00f3 una agenda de trabajo en Esmeraldas, que incluy\u00f3 inspecciones a la central de generaci\u00f3n t\u00e9rmica Esmeraldas II, y lider\u00f3 el inicio de programas de desarrollo social y ambiental de la Unidad de Negocio Termoesmeraldas.<\/p>\n\n\n\n<p class=\"wp-block-paragraph\">En la inspecci\u00f3n a la&nbsp;Central T\u00e9rmica Esmeraldas II, constat\u00f3 el plan de recuperaci\u00f3n de este parque t\u00e9rmico. Tras la falta de cumplimiento de los mantenimientos preventivos en a\u00f1os anteriores, la central inici\u00f3 un proceso de rehabilitaci\u00f3n t\u00e9cnica con el apoyo de especialistas externos.<\/p>\n\n\n\n<p class=\"wp-block-paragraph\">La central \u2013 que funciona con 12 motores de combusti\u00f3n interna de 8.5 MW cada uno \u2013 opera actualmente con seis unidades disponibles que generan 42 MW. De acuerdo con el cronograma de trabajo, a finales de agosto y la primera quincena de septiembre se habilitar\u00e1n dos motores adicionales; hasta diciembre de 2026 se sumar\u00e1n dos adiciones, alcanzando un total de 10 motores operativos. Para el primer semestre de 2027, se completar\u00e1 la puesta en marcha de las dos unidades restantes, logrando restaurar la capacidad nominal de 96 MW.<\/p>\n\n\n\n<p class=\"wp-block-paragraph\">En el \u00e1mbito del relacionamiento comunitario, la agenda incluy\u00f3 la firma de un convenio de cooperaci\u00f3n con la&nbsp;Pastoral Social C\u00e1ritas de Esmeraldas. Con una inversi\u00f3n de&nbsp;USD 42.400, este programa tiene como objetivo capacitar a&nbsp;60 mujeres y madres jefas de hogar en condiciones de vulnerabilidad,&nbsp;en corte y confecci\u00f3n textil; panader\u00eda y pasteler\u00eda, cuidado personal.<\/p>\n\n\n\n<p class=\"wp-block-paragraph\">El proyecto no solo brindar\u00e1 formaci\u00f3n profesional, sino que impulsar\u00e1 el autoempleo y el desarrollo econ\u00f3mico local mediante la entrega de un&nbsp;capital semilla concursable de USD 300&nbsp;para 20 emprendimientos, inform\u00f3 el Gerente.<\/p>\n\n\n\n<p class=\"wp-block-paragraph\">De su lado, Zoila Castillo, en representaci\u00f3n de las madres que ser\u00e1n parte del programa, expres\u00f3 su agradecimiento al Gobierno Nacional, que a trav\u00e9s de estos programas promueve el desarrollo de las comunidades.<\/p>\n\n\n\n<p class=\"wp-block-paragraph\">Finalmente, se dio inicio al programa de educaci\u00f3n ambiental y reforestaci\u00f3n en la&nbsp;Unidad Educativa 5 de Agosto. Esta iniciativa se extender\u00e1 durante las pr\u00f3ximas semanas a otros planteles educativos, entre ellos 15 de Marzo, Edilfo Bennett, Fausto Molina, Alfonso Qui\u00f1ones George, Carlos Concha y Jaime Hurtado, que involucra a&nbsp;5.000 estudiantes.<\/p>\n\n\n\n<p class=\"wp-block-paragraph\">Con una coordinaci\u00f3n con la&nbsp;Fundaci\u00f3n Verde Natura&nbsp;y la&nbsp;Prefectura de Esmeraldas&nbsp;(que dota de las especies sin costo para la Corporaci\u00f3n), se prev\u00e9 reforestar&nbsp;cinco hect\u00e1reas&nbsp;con la siembra de&nbsp;1.200 plantas&nbsp;nativas y frutales como: cacao, guayac\u00e1n (rosado y amarillo), dormilones, chiparos, palmas, caobas, crotones, c\u00edtricos y pepa de pan.<\/p>\n\n\n\n<p class=\"wp-block-paragraph\">Con estas acciones, el Gobierno Nacional, a trav\u00e9s de CELEC EP, fortalece su compromiso con la soberan\u00eda energ\u00e9tica del pa\u00eds y promueve el bienestar y desarrollo sostenible de las comunidades ubicadas en la zona de influencia de sus centrales de generaci\u00f3n el\u00e9ctrica.<\/p>\n","protected":false},"excerpt":{"rendered":"<p>El gerente general de la Corporaci\u00f3n El\u00e9ctrica del Ecuador (CELEC EP), Antonio J\u00e1come, desarroll\u00f3 una agenda de trabajo en Esmeraldas, que incluy\u00f3 inspecciones a la central de generaci\u00f3n t\u00e9rmica Esmeraldas II, y lider\u00f3 el inicio de programas de desarrollo social y ambiental de la Unidad de Negocio Termoesmeraldas. En la inspecci\u00f3n a la&nbsp;Central T\u00e9rmica Esmeraldas [&hellip;]<\/p>\n","protected":false},"author":3,"featured_media":5296,"comment_status":"open","ping_status":"open","sticky":false,"template":"","format":"standard","meta":{"_acf_changed":false,"_themeisle_gutenberg_block_has_review":false,"footnotes":""},"categories":[7],"tags":[17,27,20],"class_list":["post-5293","post","type-post","status-publish","format-standard","has-post-thumbnail","hentry","category-noticias-noticias","tag-celec-ep","tag-energia-renovable","tag-sector-electrico"],"acf":[],"publishpress_future_action":{"enabled":false,"date":"2026-09-07 21:01:55","action":"change-status","newStatus":"draft","terms":[],"taxonomy":"category","extraData":[]},"publishpress_future_workflow_manual_trigger":{"enabledWorkflows":[]},"_links":{"self":[{"href":"https:\/\/www.celec.gob.ec\/hidroagoyan\/wp-json\/wp\/v2\/posts\/5293","targetHints":{"allow":["GET"]}}],"collection":[{"href":"https:\/\/www.celec.gob.ec\/hidroagoyan\/wp-json\/wp\/v2\/posts"}],"about":[{"href":"https:\/\/www.celec.gob.ec\/hidroagoyan\/wp-json\/wp\/v2\/types\/post"}],"author":[{"embeddable":true,"href":"https:\/\/www.celec.gob.ec\/hidroagoyan\/wp-json\/wp\/v2\/users\/3"}],"replies":[{"embeddable":true,"href":"https:\/\/www.celec.gob.ec\/hidroagoyan\/wp-json\/wp\/v2\/comments?post=5293"}],"version-history":[{"count":1,"href":"https:\/\/www.celec.gob.ec\/hidroagoyan\/wp-json\/wp\/v2\/posts\/5293\/revisions"}],"predecessor-version":[{"id":5295,"href":"https:\/\/www.celec.gob.ec\/hidroagoyan\/wp-json\/wp\/v2\/posts\/5293\/revisions\/5295"}],"wp:featuredmedia":[{"embeddable":true,"href":"https:\/\/www.celec.gob.ec\/hidroagoyan\/wp-json\/wp\/v2\/media\/5296"}],"wp:attachment":[{"href":"https:\/\/www.celec.gob.ec\/hidroagoyan\/wp-json\/wp\/v2\/media?parent=5293"}],"wp:term":[{"taxonomy":"category","embeddable":true,"href":"https:\/\/www.celec.gob.ec\/hidroagoyan\/wp-json\/wp\/v2\/categories?post=5293"},{"taxonomy":"post_tag","embeddable":true,"href":"https:\/\/www.celec.gob.ec\/hidroagoyan\/wp-json\/wp\/v2\/tags?post=5293"}],"curies":[{"name":"wp","href":"https:\/\/api.w.org\/{rel}","templated":true}]}}