{"id":5301,"date":"2026-09-01T16:37:30","date_gmt":"2026-09-01T21:37:30","guid":{"rendered":"https:\/\/www.celec.gob.ec\/hidroagoyan\/?p=5301"},"modified":"2026-09-01T16:37:33","modified_gmt":"2026-09-01T21:37:33","slug":"gerente-general-de-celec-ep-inspecciona-centrales-termicas-en-guayaquil-para-asegurar-la-generacion-electrica-ante-el-fenomeno-de-el-nino","status":"publish","type":"post","link":"https:\/\/www.celec.gob.ec\/hidroagoyan\/noticias-noticias\/gerente-general-de-celec-ep-inspecciona-centrales-termicas-en-guayaquil-para-asegurar-la-generacion-electrica-ante-el-fenomeno-de-el-nino\/","title":{"rendered":"Gerente General de CELEC EP inspecciona centrales t\u00e9rmicas en Guayaquil para asegurar la generaci\u00f3n el\u00e9ctrica ante el fen\u00f3meno de El Ni\u00f1o"},"content":{"rendered":"\n<p class=\"has-text-align-right wp-block-paragraph\"><strong>Guayaquil, 01 de septiembre de 2026<br>Bolet\u00edn 097<\/strong><\/p>\n\n\n\n<figure class=\"wp-block-image size-full\"><img loading=\"lazy\" decoding=\"async\" width=\"1024\" height=\"682\" src=\"https:\/\/www.celec.gob.ec\/hidroagoyan\/wp-content\/uploads\/2026\/09\/WhatsApp-Image-2026-09-01-at-15.49.00-1024x682-1.jpg\" alt=\"\" class=\"wp-image-5302\" srcset=\"https:\/\/www.celec.gob.ec\/hidroagoyan\/wp-content\/uploads\/2026\/09\/WhatsApp-Image-2026-09-01-at-15.49.00-1024x682-1.jpg 1024w, https:\/\/www.celec.gob.ec\/hidroagoyan\/wp-content\/uploads\/2026\/09\/WhatsApp-Image-2026-09-01-at-15.49.00-1024x682-1-300x200.jpg 300w, https:\/\/www.celec.gob.ec\/hidroagoyan\/wp-content\/uploads\/2026\/09\/WhatsApp-Image-2026-09-01-at-15.49.00-1024x682-1-768x512.jpg 768w, https:\/\/www.celec.gob.ec\/hidroagoyan\/wp-content\/uploads\/2026\/09\/WhatsApp-Image-2026-09-01-at-15.49.00-1024x682-1-200x133.jpg 200w\" sizes=\"auto, (max-width: 1024px) 100vw, 1024px\" \/><\/figure>\n\n\n\n<p class=\"wp-block-paragraph\">El Gerente General de la Corporaci\u00f3n El\u00e9ctrica del Ecuador (CELEC EP), Antonio J\u00e1come, incorpor\u00f3 a su agenda de recorridos t\u00e9cnicos las centrales de generaci\u00f3n t\u00e9rmica de Guayaquil. El objetivo: verificar las condiciones operativas de estas infraestructuras de cara al pr\u00f3ximo periodo de estiaje y ante las amenazas clim\u00e1ticas del fen\u00f3meno de El Ni\u00f1o.&nbsp; Estas inspecciones buscan garantizar la disponibilidad del Sistema Nacional Interconectado (SNI) frente a las variaciones en la generaci\u00f3n hidroel\u00e9ctrica.<\/p>\n\n\n\n<p class=\"wp-block-paragraph\">El recorrido se inici\u00f3 en la central t\u00e9rmica Trinitaria, una de las plantas de generaci\u00f3n m\u00e1s importantes del pa\u00eds. Con una potencia de 133 MW y una disponibilidad efectiva estimada en 125 MW, esta infraestructura constituye un pilar esencial de la generaci\u00f3n t\u00e9rmica en el Puerto Principal, ya que abastece a m\u00e1s de 2.6 millones de hogares, industrias y comercios. Durante la visita, se constataron los par\u00e1metros de operaci\u00f3n regular de la planta para asegurar su aporte continuo en el periodo de mayor exigencia energ\u00e9tica.<\/p>\n\n\n\n<p class=\"wp-block-paragraph\">Posteriormente, el Gerente General constat\u00f3 los avances en el Complejo T\u00e9rmico Salitral, enfoc\u00e1ndose en los trabajos que se ejecutan en la Central Gonzalo Zevallos Guzm\u00e1n. En esta planta, se ejecuta un mantenimiento integral del sistema de almacenamiento de combustible, centrado en el tanque de bunker HFO4. La obra cuenta con una inversi\u00f3n de USD 2,3 millones y tiene un plazo de ejecuci\u00f3n de 90 d\u00edas, con los lineamientos de la norma internacional API 653 y ambientales nacionales.<\/p>\n\n\n\n<p class=\"wp-block-paragraph\">Este proyecto es clave para la resiliencia del sistema el\u00e9ctrico, ya que los dep\u00f3sitos de la central consolidan una capacidad de almacenamiento de 4.023.930 galones de combustible. Dicho volumen asegura una autonom\u00eda operativa de 32 d\u00edas continuos para que la planta trabaje a m\u00e1xima carga con 140 MW de potencia de manera ininterrumpida. Cabe destacar que la central de generaci\u00f3n contin\u00faa trabajando con normalidad sin verse afectada por las labores de mantenimiento.<\/p>\n\n\n\n<p class=\"wp-block-paragraph\">El recorrido tambi\u00e9n contempl\u00f3 la supervisi\u00f3n de las medidas de manejo ambiental en el sector de El Salitral, donde las centrales operan en coexistencia directa con el ecosistema de manglar del Estero Salado. CELEC EP ejecuta acciones de preservaci\u00f3n de la biodiversidad, que alberga especies de flora como el mangle blanco, jel\u00ed y negro, y de fauna como el periquito del Pac\u00edfico y la garza nocturna cangrejera. Entre las medidas de mitigaci\u00f3n ambiental se destacan: monitoreo continuo de emisiones gaseosas, gesti\u00f3n de residuos peligrosos, barreras de contenci\u00f3n preventivas.<\/p>\n\n\n\n<p class=\"wp-block-paragraph\">Con estas acciones integrales, que conjugan la modernizaci\u00f3n de la infraestructura t\u00e9cnica y el respeto riguroso por el entorno natural, el Gobierno Nacional, a trav\u00e9s de CELEC EP fortalece su compromiso de brindar un servicio el\u00e9ctrico continuo, confiable y ambientalmente responsable.<\/p>\n","protected":false},"excerpt":{"rendered":"<p>Guayaquil, 01 de septiembre de 2026Bolet\u00edn 097 El Gerente General de la Corporaci\u00f3n El\u00e9ctrica del Ecuador (CELEC EP), Antonio J\u00e1come, incorpor\u00f3 a su agenda de recorridos t\u00e9cnicos las centrales de generaci\u00f3n t\u00e9rmica de Guayaquil. El objetivo: verificar las condiciones operativas de estas infraestructuras de cara al pr\u00f3ximo periodo de estiaje y ante las amenazas clim\u00e1ticas [&hellip;]<\/p>\n","protected":false},"author":3,"featured_media":5302,"comment_status":"open","ping_status":"open","sticky":false,"template":"","format":"standard","meta":{"_acf_changed":false,"_themeisle_gutenberg_block_has_review":false,"footnotes":""},"categories":[7],"tags":[17,27,20],"class_list":["post-5301","post","type-post","status-publish","format-standard","has-post-thumbnail","hentry","category-noticias-noticias","tag-celec-ep","tag-energia-renovable","tag-sector-electrico"],"acf":[],"publishpress_future_action":{"enabled":false,"date":"2026-09-08 21:37:59","action":"change-status","newStatus":"draft","terms":[],"taxonomy":"category","extraData":[]},"publishpress_future_workflow_manual_trigger":{"enabledWorkflows":[]},"_links":{"self":[{"href":"https:\/\/www.celec.gob.ec\/hidroagoyan\/wp-json\/wp\/v2\/posts\/5301","targetHints":{"allow":["GET"]}}],"collection":[{"href":"https:\/\/www.celec.gob.ec\/hidroagoyan\/wp-json\/wp\/v2\/posts"}],"about":[{"href":"https:\/\/www.celec.gob.ec\/hidroagoyan\/wp-json\/wp\/v2\/types\/post"}],"author":[{"embeddable":true,"href":"https:\/\/www.celec.gob.ec\/hidroagoyan\/wp-json\/wp\/v2\/users\/3"}],"replies":[{"embeddable":true,"href":"https:\/\/www.celec.gob.ec\/hidroagoyan\/wp-json\/wp\/v2\/comments?post=5301"}],"version-history":[{"count":1,"href":"https:\/\/www.celec.gob.ec\/hidroagoyan\/wp-json\/wp\/v2\/posts\/5301\/revisions"}],"predecessor-version":[{"id":5303,"href":"https:\/\/www.celec.gob.ec\/hidroagoyan\/wp-json\/wp\/v2\/posts\/5301\/revisions\/5303"}],"wp:featuredmedia":[{"embeddable":true,"href":"https:\/\/www.celec.gob.ec\/hidroagoyan\/wp-json\/wp\/v2\/media\/5302"}],"wp:attachment":[{"href":"https:\/\/www.celec.gob.ec\/hidroagoyan\/wp-json\/wp\/v2\/media?parent=5301"}],"wp:term":[{"taxonomy":"category","embeddable":true,"href":"https:\/\/www.celec.gob.ec\/hidroagoyan\/wp-json\/wp\/v2\/categories?post=5301"},{"taxonomy":"post_tag","embeddable":true,"href":"https:\/\/www.celec.gob.ec\/hidroagoyan\/wp-json\/wp\/v2\/tags?post=5301"}],"curies":[{"name":"wp","href":"https:\/\/api.w.org\/{rel}","templated":true}]}}