{"id":5313,"date":"2026-09-03T20:01:00","date_gmt":"2026-09-04T01:01:00","guid":{"rendered":"https:\/\/www.celec.gob.ec\/hidroagoyan\/?p=5313"},"modified":"2026-09-04T08:03:37","modified_gmt":"2026-09-04T13:03:37","slug":"unidad-1-de-la-central-hidroelectrica-baba-retoma-su-operacion-tras-mantenimiento-anual-que-se-ejecuto-antes-del-fenomeno-de-el-nino","status":"publish","type":"post","link":"https:\/\/www.celec.gob.ec\/hidroagoyan\/noticias-noticias\/unidad-1-de-la-central-hidroelectrica-baba-retoma-su-operacion-tras-mantenimiento-anual-que-se-ejecuto-antes-del-fenomeno-de-el-nino\/","title":{"rendered":"Unidad 1 de la Central Hidroel\u00e9ctrica Baba retoma su operaci\u00f3n, tras mantenimiento anual que se ejecut\u00f3 antes del fen\u00f3meno de El Ni\u00f1o"},"content":{"rendered":"\n<p class=\"has-text-align-right wp-block-paragraph\"><strong>Buena Fe, 03 de septiembre de 2026<\/strong><br><strong>Bolet\u00edn 101<\/strong><\/p>\n\n\n\n<figure class=\"wp-block-image size-full\"><img loading=\"lazy\" decoding=\"async\" width=\"1024\" height=\"768\" src=\"https:\/\/www.celec.gob.ec\/hidroagoyan\/wp-content\/uploads\/2026\/09\/WhatsApp-Image-2026-09-03-at-16.19.34-1024x768-1.jpg\" alt=\"\" class=\"wp-image-5314\" srcset=\"https:\/\/www.celec.gob.ec\/hidroagoyan\/wp-content\/uploads\/2026\/09\/WhatsApp-Image-2026-09-03-at-16.19.34-1024x768-1.jpg 1024w, https:\/\/www.celec.gob.ec\/hidroagoyan\/wp-content\/uploads\/2026\/09\/WhatsApp-Image-2026-09-03-at-16.19.34-1024x768-1-300x225.jpg 300w, https:\/\/www.celec.gob.ec\/hidroagoyan\/wp-content\/uploads\/2026\/09\/WhatsApp-Image-2026-09-03-at-16.19.34-1024x768-1-768x576.jpg 768w, https:\/\/www.celec.gob.ec\/hidroagoyan\/wp-content\/uploads\/2026\/09\/WhatsApp-Image-2026-09-03-at-16.19.34-1024x768-1-200x150.jpg 200w\" sizes=\"auto, (max-width: 1024px) 100vw, 1024px\" \/><\/figure>\n\n\n\n<p class=\"wp-block-paragraph\">La Corporaci\u00f3n El\u00e9ctrica del Ecuador (CELEC EP) culmin\u00f3 el mantenimiento anual programado de la unidad 1 de la Central Hidroel\u00e9ctrica Baba, ubicada en la provincia de Los R\u00edos, como parte de las acciones destinadas a mantener la disponibilidad y confiabilidad de sus unidades de generaci\u00f3n, antes del inicio del fen\u00f3meno de El Ni\u00f1o.<\/p>\n\n\n\n<p class=\"wp-block-paragraph\">La unidad 1, con una potencia de 21 MW, acumul\u00f3 4.420 horas de operaci\u00f3n desde su \u00faltima intervenci\u00f3n realizada en 2025, tras lo cual se ejecutaron las actividades contempladas dentro de su programa anual de mantenimiento.<\/p>\n\n\n\n<p class=\"wp-block-paragraph\">Durante los trabajos se intervino el transformador de potencia, generador, sistemas auxiliares y componentes mec\u00e1nicos de la unidad de generaci\u00f3n, incluyendo la c\u00e1mara espiral, \u00e1labes m\u00f3viles y \u00e1labes fijos. Adem\u00e1s, se realizaron inspecciones, verificaciones y pruebas operativas para evaluar el estado de los equipos.<\/p>\n\n\n\n<p class=\"wp-block-paragraph\">Una vez concluidos los trabajos y efectuadas las pruebas correspondientes, la unidad 1 qued\u00f3 nuevamente disponible para aportar 21 MW de potencia al Sistema Nacional Interconectado.<\/p>\n\n\n\n<p class=\"wp-block-paragraph\">La Central Hidroel\u00e9ctrica Baba se encuentra en la vertiente occidental, aprovecha el potencial energ\u00e9tico del r\u00edo Baba, raz\u00f3n por la que su generaci\u00f3n es complementaria a las centrales de la vertiente oriental. Cuenta con dos unidades de generaci\u00f3n de 21 MW cada una, para una potencia instalada total de 42 MW, y forma parte de la infraestructura de generaci\u00f3n administrada por CELEC EP.<\/p>\n\n\n\n<p class=\"wp-block-paragraph\">El Gobierno Nacional, a trav\u00e9s del Ministerio de Ambiente y Energ\u00eda y CELEC EP, impulsa la ejecuci\u00f3n de mantenimientos programados que fortalecen la disponibilidad y confiabilidad de las unidades de generaci\u00f3n, contribuyendo al abastecimiento de energ\u00eda el\u00e9ctrica para el pa\u00eds.<\/p>\n","protected":false},"excerpt":{"rendered":"<p>Buena Fe, 03 de septiembre de 2026Bolet\u00edn 101 La Corporaci\u00f3n El\u00e9ctrica del Ecuador (CELEC EP) culmin\u00f3 el mantenimiento anual programado de la unidad 1 de la Central Hidroel\u00e9ctrica Baba, ubicada en la provincia de Los R\u00edos, como parte de las acciones destinadas a mantener la disponibilidad y confiabilidad de sus unidades de generaci\u00f3n, antes del [&hellip;]<\/p>\n","protected":false},"author":3,"featured_media":5314,"comment_status":"open","ping_status":"open","sticky":false,"template":"","format":"standard","meta":{"_acf_changed":false,"_themeisle_gutenberg_block_has_review":false,"footnotes":""},"categories":[7],"tags":[17,27,20],"class_list":["post-5313","post","type-post","status-publish","format-standard","has-post-thumbnail","hentry","category-noticias-noticias","tag-celec-ep","tag-energia-renovable","tag-sector-electrico"],"acf":[],"publishpress_future_action":{"enabled":false,"date":"2026-09-11 16:34:19","action":"change-status","newStatus":"draft","terms":[],"taxonomy":"category","extraData":[]},"publishpress_future_workflow_manual_trigger":{"enabledWorkflows":[]},"_links":{"self":[{"href":"https:\/\/www.celec.gob.ec\/hidroagoyan\/wp-json\/wp\/v2\/posts\/5313","targetHints":{"allow":["GET"]}}],"collection":[{"href":"https:\/\/www.celec.gob.ec\/hidroagoyan\/wp-json\/wp\/v2\/posts"}],"about":[{"href":"https:\/\/www.celec.gob.ec\/hidroagoyan\/wp-json\/wp\/v2\/types\/post"}],"author":[{"embeddable":true,"href":"https:\/\/www.celec.gob.ec\/hidroagoyan\/wp-json\/wp\/v2\/users\/3"}],"replies":[{"embeddable":true,"href":"https:\/\/www.celec.gob.ec\/hidroagoyan\/wp-json\/wp\/v2\/comments?post=5313"}],"version-history":[{"count":1,"href":"https:\/\/www.celec.gob.ec\/hidroagoyan\/wp-json\/wp\/v2\/posts\/5313\/revisions"}],"predecessor-version":[{"id":5315,"href":"https:\/\/www.celec.gob.ec\/hidroagoyan\/wp-json\/wp\/v2\/posts\/5313\/revisions\/5315"}],"wp:featuredmedia":[{"embeddable":true,"href":"https:\/\/www.celec.gob.ec\/hidroagoyan\/wp-json\/wp\/v2\/media\/5314"}],"wp:attachment":[{"href":"https:\/\/www.celec.gob.ec\/hidroagoyan\/wp-json\/wp\/v2\/media?parent=5313"}],"wp:term":[{"taxonomy":"category","embeddable":true,"href":"https:\/\/www.celec.gob.ec\/hidroagoyan\/wp-json\/wp\/v2\/categories?post=5313"},{"taxonomy":"post_tag","embeddable":true,"href":"https:\/\/www.celec.gob.ec\/hidroagoyan\/wp-json\/wp\/v2\/tags?post=5313"}],"curies":[{"name":"wp","href":"https:\/\/api.w.org\/{rel}","templated":true}]}}