{"id":266,"date":"2018-09-07T16:32:21","date_gmt":"2018-09-07T16:32:21","guid":{"rendered":"https:\/\/www.celec.gob.ec\/hidroazogues\/?p=1167"},"modified":"2018-09-07T16:32:21","modified_gmt":"2018-09-07T16:32:21","slug":"central-villonaco-alcanzo-niveles-de-produccion-historicos-en-los-meses-de-julio-y-agosto-de-2018","status":"publish","type":"post","link":"https:\/\/www.celec.gob.ec\/hidroazogues\/noticias\/central-villonaco-alcanzo-niveles-de-produccion-historicos-en-los-meses-de-julio-y-agosto-de-2018\/","title":{"rendered":"Central Villonaco alcanz\u00f3 niveles de producci\u00f3n hist\u00f3ricos en los meses de julio y agosto de 2018"},"content":{"rendered":"<p><img loading=\"lazy\" decoding=\"async\" class=\" size-full wp-image-1166\" src=\"https:\/\/www.celec.gob.ec\/hidroazogues\/wp-content\/uploads\/2018\/09\/Villo-5-scaled.jpg\" border=\"0\" alt=\"\" width=\"791\" height=\"527\" \/><\/p>\n<p style=\"margin-top: 11.25pt; margin-right: 0cm; margin-bottom: 11.25pt; margin-left: 0cm; text-align: justify; background: white;\"><span style=\"font-size: 11.0pt; font-family: 'Arial',sans-serif; color: #595959; mso-themecolor: text1; mso-themetint: 166; mso-style-textfill-fill-color: #595959; mso-style-textfill-fill-themecolor: text1; mso-style-textfill-fill-alpha: 100.0%; mso-style-textfill-fill-colortransforms: 'lumm=65000 lumo=35000';\">En los meses de julio y agosto, la Central E\u00f3lica Villonaco, ubicada en la provincia de Loja, trabaj\u00f3 en toda su capacidad. Seg\u00fan los reportes del \u00e1rea de operaci\u00f3n, los 11 aerogeneradores en julio produjeron 10.52 GWh con un factor de planta del 85.72% y para Agosto se registr\u00f3 el hist\u00f3rico de producci\u00f3n m\u00e1s alto desde el inicio de la operaci\u00f3n de la central, con un valor de 11.20 GWh y un factor de planta de 91.28%.<\/span><\/p>\n<p style=\"margin-top: 11.25pt; margin-right: 0cm; margin-bottom: 11.25pt; margin-left: 0cm; text-align: justify; background: white; font-variant-ligatures: normal; font-variant-caps: normal; orphans: 2; widows: 2; -webkit-text-stroke-width: 0px; text-decoration-style: initial; text-decoration-color: initial; word-spacing: 0px;\"><span style=\"font-size: 11.0pt; font-family: 'Arial',sans-serif; color: #595959; mso-themecolor: text1; mso-themetint: 166; mso-style-textfill-fill-color: #595959; mso-style-textfill-fill-themecolor: text1; mso-style-textfill-fill-alpha: 100.0%; mso-style-textfill-fill-colortransforms: 'lumm=65000 lumo=35000';\">Villonaco, que es la \u00fanica central e\u00f3lica del Ecuador continental, garantiza una generaci\u00f3n de energ\u00eda anual de 59.57 GWh. Esta energ\u00eda es entregada al Sistema Nacional Interconectado (SIN) y aporta al \u00e1rea de concesi\u00f3n de la Empresa El\u00e9ctrica Regional del Sur (Loja, Zamora Chinchipe y el cant\u00f3n Gualaquiza de Morona Santiago) con alrededor del 30% del consumo de su demanda anual.<\/span><\/p>\n<p><!--more--><\/p>\n<p style=\"margin-top: 11.25pt; margin-right: 0cm; margin-bottom: 11.25pt; margin-left: 0cm; text-align: justify; background: white; font-variant-ligatures: normal; font-variant-caps: normal; orphans: 2; widows: 2; -webkit-text-stroke-width: 0px; text-decoration-style: initial; text-decoration-color: initial; word-spacing: 0px;\">\u00a0<span style=\"color: #595959; font-family: Arial, sans-serif; font-size: 11pt;\">La Central E\u00f3lica Villonaco est\u00e1 ubicada a 14 Km de la capital lojana, espec\u00edficamente entre los cantones Loja y Catamayo. Est\u00e1 construida a lo largo de la l\u00ednea cumbre del cerro del mismo nombre, a una altura aproximada de 2.720 msnm. En el cerro Villonaco, la presencia del viento es frecuente en todo el a\u00f1o. Sin embargo, entre los meses de julio y agosto aumenta considerablemente su fuerza e intensidad, llegando a velocidades pico que oscilan entre los 25 m\/s y 29,5 m\/s, equivalentes a 90 Km\/h y 106,2 Km\/h, respectivamente.<\/span><\/p>\n<p style=\"margin-top: 11.25pt; margin-right: 0cm; margin-bottom: 11.25pt; margin-left: 0cm; text-align: justify; background: white; font-variant-ligatures: normal; font-variant-caps: normal; orphans: 2; widows: 2; -webkit-text-stroke-width: 0px; text-decoration-style: initial; text-decoration-color: initial; word-spacing: 0px;\"><span style=\"font-size: 11.0pt; font-family: 'Arial',sans-serif; color: #595959; mso-themecolor: text1; mso-themetint: 166; mso-style-textfill-fill-color: #595959; mso-style-textfill-fill-themecolor: text1; mso-style-textfill-fill-alpha: 100.0%; mso-style-textfill-fill-colortransforms: 'lumm=65000 lumo=35000';\">El funcionamiento de esta central, que aprovecha la fuerza del viento, evita la emisi\u00f3n de aproximadamente 38.052 toneladas de CO2 al a\u00f1o, lo que se constituye en un valioso aporte en beneficio del medio ambiente.<\/span><\/p>\n<p style=\"margin-top: 11.25pt; margin-right: 0cm; margin-bottom: 11.25pt; margin-left: 0cm; text-align: justify; background: white; font-variant-ligatures: normal; font-variant-caps: normal; orphans: 2; widows: 2; -webkit-text-stroke-width: 0px; text-decoration-style: initial; text-decoration-color: initial; word-spacing: 0px;\"><span style=\"font-size: 11.0pt; font-family: 'Arial',sans-serif; color: #595959; mso-themecolor: text1; mso-themetint: 166; mso-style-textfill-fill-color: #595959; mso-style-textfill-fill-themecolor: text1; mso-style-textfill-fill-alpha: 100.0%; mso-style-textfill-fill-colortransforms: 'lumm=65000 lumo=35000';\">La Central, desde el inicio de operaci\u00f3n con sus 11 aerogeneradores, en enero del a\u00f1o 2013, no solo aporta a la generaci\u00f3n de energ\u00eda el\u00e9ctrica, adem\u00e1s es gran atractivo tur\u00edstico. En los meses de julio y agosto de 2018, llegaron 7375 visitantes, de distintos puntos del pa\u00eds y del extranjero. Su objetivo fue conocer de cerca esta central que es administrada por la Corporaci\u00f3n El\u00e9ctrica del Ecuador, CELEC EP, a trav\u00e9s de su Unidad de Negocio Gensur.<\/span><\/p>\n<p style=\"margin-top: 11.25pt; margin-right: 0cm; margin-bottom: 11.25pt; margin-left: 0cm; text-align: justify; background: white; font-variant-ligatures: normal; font-variant-caps: normal; orphans: 2; widows: 2; -webkit-text-stroke-width: 0px; text-decoration-style: initial; text-decoration-color: initial; word-spacing: 0px;\"><span style=\"font-size: 11.0pt; font-family: 'Arial',sans-serif; color: #595959; mso-themecolor: text1; mso-themetint: 166; mso-style-textfill-fill-color: #595959; mso-style-textfill-fill-themecolor: text1; mso-style-textfill-fill-alpha: 100.0%; mso-style-textfill-fill-colortransforms: 'lumm=65000 lumo=35000';\">La Central E\u00f3lica Villonaco genera energ\u00eda limpia, fomenta el turismo y la productividad y ayuda a la preservaci\u00f3n de la naturaleza.<\/span><\/p>\n","protected":false},"excerpt":{"rendered":"<p>En los meses de julio y agosto, la Central E\u00f3lica Villonaco, ubicada en la provincia de Loja, trabaj\u00f3 en toda su capacidad. Seg\u00fan los reportes del \u00e1rea de operaci\u00f3n, los 11 aerogeneradores en julio produjeron 10.52 GWh con un factor de planta del 85.72% y para Agosto se registr\u00f3 el hist\u00f3rico de producci\u00f3n m\u00e1s alto [&hellip;]<\/p>\n","protected":false},"author":1,"featured_media":267,"comment_status":"open","ping_status":"open","sticky":false,"template":"","format":"standard","meta":{"_acf_changed":false,"_themeisle_gutenberg_block_has_review":false,"footnotes":""},"categories":[7],"tags":[],"class_list":["post-266","post","type-post","status-publish","format-standard","has-post-thumbnail","hentry","category-noticias"],"acf":[],"_links":{"self":[{"href":"https:\/\/www.celec.gob.ec\/hidroazogues\/wp-json\/wp\/v2\/posts\/266","targetHints":{"allow":["GET"]}}],"collection":[{"href":"https:\/\/www.celec.gob.ec\/hidroazogues\/wp-json\/wp\/v2\/posts"}],"about":[{"href":"https:\/\/www.celec.gob.ec\/hidroazogues\/wp-json\/wp\/v2\/types\/post"}],"author":[{"embeddable":true,"href":"https:\/\/www.celec.gob.ec\/hidroazogues\/wp-json\/wp\/v2\/users\/1"}],"replies":[{"embeddable":true,"href":"https:\/\/www.celec.gob.ec\/hidroazogues\/wp-json\/wp\/v2\/comments?post=266"}],"version-history":[{"count":0,"href":"https:\/\/www.celec.gob.ec\/hidroazogues\/wp-json\/wp\/v2\/posts\/266\/revisions"}],"wp:featuredmedia":[{"embeddable":true,"href":"https:\/\/www.celec.gob.ec\/hidroazogues\/wp-json\/wp\/v2\/media\/267"}],"wp:attachment":[{"href":"https:\/\/www.celec.gob.ec\/hidroazogues\/wp-json\/wp\/v2\/media?parent=266"}],"wp:term":[{"taxonomy":"category","embeddable":true,"href":"https:\/\/www.celec.gob.ec\/hidroazogues\/wp-json\/wp\/v2\/categories?post=266"},{"taxonomy":"post_tag","embeddable":true,"href":"https:\/\/www.celec.gob.ec\/hidroazogues\/wp-json\/wp\/v2\/tags?post=266"}],"curies":[{"name":"wp","href":"https:\/\/api.w.org\/{rel}","templated":true}]}}