{"id":349,"date":"2015-12-17T13:14:00","date_gmt":"2015-12-17T13:14:00","guid":{"rendered":"https:\/\/www.celec.gob.ec\/hidroazogues\/?p=690"},"modified":"2015-12-17T13:14:00","modified_gmt":"2015-12-17T13:14:00","slug":"coca-codo-sinclair-desarrollo-con-exito-pruebas-hidraulicas","status":"publish","type":"post","link":"https:\/\/www.celec.gob.ec\/hidroazogues\/noticias\/coca-codo-sinclair-desarrollo-con-exito-pruebas-hidraulicas\/","title":{"rendered":"COCA CODO SINCLAIR DESARROLL\u00d3 CON \u00c9XITO PRUEBAS HIDR\u00c1ULICAS"},"content":{"rendered":"<p><img loading=\"lazy\" decoding=\"async\" class=\" size-full wp-image-689\" src=\"https:\/\/www.celec.gob.ec\/hidroazogues\/wp-content\/uploads\/2015\/12\/COCA-CODO-2.jpg\" border=\"0\" alt=\"\" width=\"804\" height=\"442\" \/><\/p>\n<p class=\"MsoNormal\" style=\"text-align: justify;\"><span style=\"font-size: 10.5pt; line-height: 107%; font-family: 'Arial',sans-serif; color: #595959; mso-themecolor: text1; mso-themetint: 166; mso-style-textfill-fill-color: #595959; mso-style-textfill-fill-themecolor: text1; mso-style-textfill-fill-alpha: 100.0%; mso-style-textfill-fill-colortransforms: 'lumm=65000 lumo=35000';\">El Proyecto Hidroel\u00e9ctrico Coca Codo Sinclair de 1.500 MW, que ejecuta la Corporaci\u00f3n El\u00e9ctrica del Ecuador, desarroll\u00f3 con \u00e9xito la primera fase de pruebas hidr\u00e1ulicas con la puesta en funcionamiento de la primera turbina, de las ocho que componen la nueva central y que dotar\u00e1n de energ\u00eda el\u00e9ctrica al 30% de la poblaci\u00f3n ecuatoriana.<\/span><\/p>\n<p class=\"MsoNormal\" style=\"text-align: justify;\"><span style=\"font-size: 10.5pt; line-height: 107%; font-family: 'Arial',sans-serif; color: #595959; mso-themecolor: text1; mso-themetint: 166; mso-style-textfill-fill-color: #595959; mso-style-textfill-fill-themecolor: text1; mso-style-textfill-fill-alpha: 100.0%; mso-style-textfill-fill-colortransforms: 'lumm=65000 lumo=35000';\">El vicepresidente, Jorge Glas Espinel, fue el encargado de dar la orden para la apertura de las compuertas 15 y 16 de la fase de captaci\u00f3n, ubicada en la provincia de Napo.<\/span><\/p>\n<p><!--more--><\/p>\n<p class=\"MsoNormal\" style=\"text-align: justify;\">\u00a0<span style=\"font-size: 10.5pt; line-height: 107%; font-family: 'Arial',sans-serif; color: #595959; mso-themecolor: text1; mso-themetint: 166; mso-style-textfill-fill-color: #595959; mso-style-textfill-fill-themecolor: text1; mso-style-textfill-fill-alpha: 100.0%; mso-style-textfill-fill-colortransforms: 'lumm=65000 lumo=35000';\">Con esa apertura el agua del r\u00edo Coca pasa desde el tanque desarenador, donde se limpia de <\/span><span style=\"font-size: 10.5pt; line-height: 107%; font-family: 'Arial',sans-serif; color: #595959; mso-themecolor: text1; mso-themetint: 166; mso-style-textfill-fill-color: #595959; mso-style-textfill-fill-themecolor: text1; mso-style-textfill-fill-alpha: 100.0%; mso-style-textfill-fill-colortransforms: 'lumm=65000 lumo=35000'; mso-ansi-language: IT;\" lang=\"IT\">impurezas e ingresa al tanque <\/span><span style=\"font-size: 10.5pt; line-height: 107%; font-family: 'Arial',sans-serif; color: #595959; mso-themecolor: text1; mso-themetint: 166; mso-style-textfill-fill-color: #595959; mso-style-textfill-fill-themecolor: text1; mso-style-textfill-fill-alpha: 100.0%; mso-style-textfill-fill-colortransforms: 'lumm=65000 lumo=35000';\">amortiguador para que se eleve de nivel y posteriormente pase a un t\u00fanel de conducci\u00f3n de\u00a0 24 kil\u00f3metros de longitud.<\/span><\/p>\n<p class=\"MsoNormal\" style=\"text-align: justify;\"><span style=\"font-size: 10.5pt; line-height: 107%; font-family: 'Arial',sans-serif; color: #595959; mso-themecolor: text1; mso-themetint: 166; mso-style-textfill-fill-color: #595959; mso-style-textfill-fill-themecolor: text1; mso-style-textfill-fill-alpha: 100.0%; mso-style-textfill-fill-colortransforms: 'lumm=65000 lumo=35000';\">Despu\u00e9s el agua llega al embalse compensador y cae aproximadamente 600 metros para generar presi\u00f3n sobre la primera turbina de la casa de m\u00e1quinas, para que esta empiece a girar. <\/span><\/p>\n<p class=\"MsoNormal\" style=\"text-align: justify;\"><span style=\"font-size: 10.5pt; line-height: 107%; font-family: 'Arial',sans-serif; color: #595959; mso-themecolor: text1; mso-themetint: 166; mso-style-textfill-fill-color: #595959; mso-style-textfill-fill-themecolor: text1; mso-style-textfill-fill-alpha: 100.0%; mso-style-textfill-fill-colortransforms: 'lumm=65000 lumo=35000';\">El Segundo Mandatario calific\u00f3 a la primera fase como una \u201chito hist\u00f3rico\u201d para los ecuatorianos y como un proyecto de desarrollo para la construcci\u00f3n de energ\u00eda renovable, sustentable y amigable con el medio ambiente.<\/span><\/p>\n<p class=\"MsoNormal\" style=\"text-align: justify;\"><span style=\"font-size: 10.5pt; line-height: 107%; font-family: 'Arial',sans-serif; color: #595959; mso-themecolor: text1; mso-themetint: 166; mso-style-textfill-fill-color: #595959; mso-style-textfill-fill-themecolor: text1; mso-style-textfill-fill-alpha: 100.0%; mso-style-textfill-fill-colortransforms: 'lumm=65000 lumo=35000';\">Agreg\u00f3 que la construcci\u00f3n de la obra signific\u00f3 el \u201cdesaf\u00edo m\u00e1s grande en ingenier\u00eda\u201d en toda la historia del pa\u00eds.<\/span><\/p>\n<p class=\"MsoNormal\" style=\"text-align: justify;\"><span style=\"font-size: 10.5pt; line-height: 107%; font-family: 'Arial',sans-serif; color: #595959; mso-themecolor: text1; mso-themetint: 166; mso-style-textfill-fill-color: #595959; mso-style-textfill-fill-themecolor: text1; mso-style-textfill-fill-alpha: 100.0%; mso-style-textfill-fill-colortransforms: 'lumm=65000 lumo=35000';\">El ministro de Electricidad, Esteban Albornoz, felicit\u00f3 a todos los trabajadores que hacen realidad\u00a0 la construcci\u00f3n de esta mega obra; se\u00f1al\u00f3 que las pruebas hidr\u00e1ulicas son un hito fundamental y en las pr\u00f3ximas semanas \u201cbajo la monta\u00f1a se empezar\u00e1 a generar energ\u00eda limpia para el desarrollo\u201d.<\/span><\/p>\n<p>\u00a0<span style=\"color: #595959; font-family: Arial, sans-serif; font-size: 10.5pt; line-height: 107%; text-align: justify;\">Actualmente el proyecto que gener\u00f3 trabajo para m\u00e1s de 7.000 ecuatorianos, tiene un avance del 95% y se espera que entre en funcionamiento en los primeros meses del\u00a0 2016.<\/span><\/p>\n","protected":false},"excerpt":{"rendered":"<p>El Proyecto Hidroel\u00e9ctrico Coca Codo Sinclair de 1.500 MW, que ejecuta la Corporaci\u00f3n El\u00e9ctrica del Ecuador, desarroll\u00f3 con \u00e9xito la primera fase de pruebas hidr\u00e1ulicas con la puesta en funcionamiento de la primera turbina, de las ocho que componen la nueva central y que dotar\u00e1n de energ\u00eda el\u00e9ctrica al 30% de la poblaci\u00f3n ecuatoriana. El [&hellip;]<\/p>\n","protected":false},"author":1,"featured_media":350,"comment_status":"open","ping_status":"open","sticky":false,"template":"","format":"standard","meta":{"_acf_changed":false,"_themeisle_gutenberg_block_has_review":false,"footnotes":""},"categories":[7],"tags":[],"class_list":["post-349","post","type-post","status-publish","format-standard","has-post-thumbnail","hentry","category-noticias"],"acf":[],"_links":{"self":[{"href":"https:\/\/www.celec.gob.ec\/hidroazogues\/wp-json\/wp\/v2\/posts\/349","targetHints":{"allow":["GET"]}}],"collection":[{"href":"https:\/\/www.celec.gob.ec\/hidroazogues\/wp-json\/wp\/v2\/posts"}],"about":[{"href":"https:\/\/www.celec.gob.ec\/hidroazogues\/wp-json\/wp\/v2\/types\/post"}],"author":[{"embeddable":true,"href":"https:\/\/www.celec.gob.ec\/hidroazogues\/wp-json\/wp\/v2\/users\/1"}],"replies":[{"embeddable":true,"href":"https:\/\/www.celec.gob.ec\/hidroazogues\/wp-json\/wp\/v2\/comments?post=349"}],"version-history":[{"count":0,"href":"https:\/\/www.celec.gob.ec\/hidroazogues\/wp-json\/wp\/v2\/posts\/349\/revisions"}],"wp:featuredmedia":[{"embeddable":true,"href":"https:\/\/www.celec.gob.ec\/hidroazogues\/wp-json\/wp\/v2\/media\/350"}],"wp:attachment":[{"href":"https:\/\/www.celec.gob.ec\/hidroazogues\/wp-json\/wp\/v2\/media?parent=349"}],"wp:term":[{"taxonomy":"category","embeddable":true,"href":"https:\/\/www.celec.gob.ec\/hidroazogues\/wp-json\/wp\/v2\/categories?post=349"},{"taxonomy":"post_tag","embeddable":true,"href":"https:\/\/www.celec.gob.ec\/hidroazogues\/wp-json\/wp\/v2\/tags?post=349"}],"curies":[{"name":"wp","href":"https:\/\/api.w.org\/{rel}","templated":true}]}}