{"id":351,"date":"2015-12-07T16:23:07","date_gmt":"2015-12-07T16:23:07","guid":{"rendered":"https:\/\/www.celec.gob.ec\/hidroazogues\/?p=688"},"modified":"2015-12-07T16:23:07","modified_gmt":"2015-12-07T16:23:07","slug":"14-jovenes-del-programa-generacion-de-conocimiento-recibieron-capacitacion","status":"publish","type":"post","link":"https:\/\/www.celec.gob.ec\/hidroazogues\/noticias\/14-jovenes-del-programa-generacion-de-conocimiento-recibieron-capacitacion\/","title":{"rendered":"14 j\u00f3venes del programa \u201cGeneraci\u00f3n de Conocimiento\u201d recibieron capacitaci\u00f3n"},"content":{"rendered":"<p><img loading=\"lazy\" decoding=\"async\" class=\" size-full wp-image-687\" src=\"https:\/\/www.celec.gob.ec\/hidroazogues\/wp-content\/uploads\/2015\/12\/Generacin-del-Conocimiento.jpg\" border=\"0\" alt=\"\" width=\"792\" height=\"277\" \/><\/p>\n<p class=\"MsoNormal\" style=\"text-align: justify; line-height: 115%;\"><span style=\"font-size: 10.5pt; line-height: 115%; font-family: 'Arial',sans-serif; color: #595959;\" lang=\"ES\">Dentro del programa \u00abGeneraci\u00f3n del Conocimiento\u00bb, impulsado por la Vicepresidencia de la Rep\u00fablica, 14 j\u00f3venes que laboran en diferentes Unidades de Negocio de la Corporaci\u00f3n El\u00e9ctrica del Ecuador CELEC EP, se capacitaron en \u201cProcedimientos\u00a0 y metodolog\u00edas para trabajos topogr\u00e1ficos con estaci\u00f3n total, nuevas tecnolog\u00edas geoespaciales y operaciones avanzadas con estaci\u00f3n total marca Trimble S-3\u201d, en la ciudad de Azogues.<\/span><\/p>\n<p class=\"MsoNormal\" style=\"text-align: justify; line-height: 115%;\"><span style=\"font-size: 10.5pt; line-height: 115%; font-family: 'Arial',sans-serif; color: #595959;\" lang=\"ES\">El taller efectuado los d\u00edas 3 y 4 de diciembre estuvo dirigido por profesionales de Instrumental &#038; Optima y CELEC EP Hidroazogues, Unidad de Negocio organizadora del evento.<\/span><\/p>\n<p><!--more--><\/p>\n<p class=\"MsoNormal\" style=\"text-align: justify; line-height: 115%;\">\u00a0<\/p>\n<p class=\"MsoNormal\" style=\"text-align: justify; line-height: 115%;\"><span style=\"font-size: 10.5pt; line-height: 115%; font-family: 'Arial',sans-serif; color: #595959; mso-ansi-language: ES-EC;\">Como parte del plan de desarrollo profesional, los j\u00f3venes han venido capacit\u00e1ndose durante todo el a\u00f1o en varios temas importantes para fortalecer el Talento Humano de la Corporaci\u00f3n. Esta iniciativa de la Vicepresidencia de la Rep\u00fablica, permitir\u00e1 que los j\u00f3venes funcionarios que laboran en las 13 Unidades de Negocio de la Corporaci\u00f3n El\u00e9ctrica del Ecuador, alcancen una s\u00f3lida preparaci\u00f3n y experiencia.<\/span><\/p>\n<p class=\"MsoNormal\" style=\"text-align: justify; line-height: 115%;\"><span style=\"color: #595959; font-family: Arial, sans-serif; font-size: 10.5pt; line-height: 115%;\">Todos los conocimientos, experiencias y buenas pr\u00e1cticas aprendidas, ser\u00e1n aplicados en las centrales y proyectos que ejecuta CELEC EP, empresa p\u00fablica adscrita al Ministerio de Electricidad y Energ\u00eda Renovable.\u00a0<\/span><\/p>\n","protected":false},"excerpt":{"rendered":"<p>Dentro del programa \u00abGeneraci\u00f3n del Conocimiento\u00bb, impulsado por la Vicepresidencia de la Rep\u00fablica, 14 j\u00f3venes que laboran en diferentes Unidades de Negocio de la Corporaci\u00f3n El\u00e9ctrica del Ecuador CELEC EP, se capacitaron en \u201cProcedimientos\u00a0 y metodolog\u00edas para trabajos topogr\u00e1ficos con estaci\u00f3n total, nuevas tecnolog\u00edas geoespaciales y operaciones avanzadas con estaci\u00f3n total marca Trimble S-3\u201d, en [&hellip;]<\/p>\n","protected":false},"author":1,"featured_media":352,"comment_status":"open","ping_status":"open","sticky":false,"template":"","format":"standard","meta":{"_acf_changed":false,"_themeisle_gutenberg_block_has_review":false,"footnotes":""},"categories":[7],"tags":[],"class_list":["post-351","post","type-post","status-publish","format-standard","has-post-thumbnail","hentry","category-noticias"],"acf":[],"_links":{"self":[{"href":"https:\/\/www.celec.gob.ec\/hidroazogues\/wp-json\/wp\/v2\/posts\/351","targetHints":{"allow":["GET"]}}],"collection":[{"href":"https:\/\/www.celec.gob.ec\/hidroazogues\/wp-json\/wp\/v2\/posts"}],"about":[{"href":"https:\/\/www.celec.gob.ec\/hidroazogues\/wp-json\/wp\/v2\/types\/post"}],"author":[{"embeddable":true,"href":"https:\/\/www.celec.gob.ec\/hidroazogues\/wp-json\/wp\/v2\/users\/1"}],"replies":[{"embeddable":true,"href":"https:\/\/www.celec.gob.ec\/hidroazogues\/wp-json\/wp\/v2\/comments?post=351"}],"version-history":[{"count":0,"href":"https:\/\/www.celec.gob.ec\/hidroazogues\/wp-json\/wp\/v2\/posts\/351\/revisions"}],"wp:featuredmedia":[{"embeddable":true,"href":"https:\/\/www.celec.gob.ec\/hidroazogues\/wp-json\/wp\/v2\/media\/352"}],"wp:attachment":[{"href":"https:\/\/www.celec.gob.ec\/hidroazogues\/wp-json\/wp\/v2\/media?parent=351"}],"wp:term":[{"taxonomy":"category","embeddable":true,"href":"https:\/\/www.celec.gob.ec\/hidroazogues\/wp-json\/wp\/v2\/categories?post=351"},{"taxonomy":"post_tag","embeddable":true,"href":"https:\/\/www.celec.gob.ec\/hidroazogues\/wp-json\/wp\/v2\/tags?post=351"}],"curies":[{"name":"wp","href":"https:\/\/api.w.org\/{rel}","templated":true}]}}