{"id":398,"date":"2015-05-25T19:58:13","date_gmt":"2015-05-25T19:58:13","guid":{"rendered":"https:\/\/www.celec.gob.ec\/hidroazogues\/?p=641"},"modified":"2015-05-25T19:58:13","modified_gmt":"2015-05-25T19:58:13","slug":"vicepresidente-compartio-almuerzo-con-jovenes-profesionales-del-programa-generacion-del-conocimiento","status":"publish","type":"post","link":"https:\/\/www.celec.gob.ec\/hidroazogues\/noticias\/vicepresidente-compartio-almuerzo-con-jovenes-profesionales-del-programa-generacion-del-conocimiento\/","title":{"rendered":"Vicepresidente comparti\u00f3 almuerzo con j\u00f3venes profesionales del programa \u201cGeneraci\u00f3n del Conocimiento\u201d"},"content":{"rendered":"<p class=\"MsoListParagraph\" style=\"margin-left: 0cm; mso-add-space: auto; text-align: justify; mso-line-height-alt: .7pt; tab-stops: 0cm;\"><span style=\"font-family: 'Arial',sans-serif; color: #373737; mso-ansi-language: ES;\" lang=\"ES\"><img loading=\"lazy\" decoding=\"async\" class=\" size-full wp-image-640\" src=\"https:\/\/www.celec.gob.ec\/hidroazogues\/wp-content\/uploads\/2015\/05\/1.jpg\" border=\"0\" alt=\"\" width=\"754\" height=\"431\" \/><\/span><\/p>\n<p class=\"MsoListParagraph\" style=\"margin-left: 0cm; mso-add-space: auto; text-align: justify; mso-line-height-alt: .7pt; tab-stops: 0cm;\"><span style=\"font-family: 'Arial',sans-serif; color: #373737; mso-ansi-language: ES;\" lang=\"ES\">El pasado\u00a0 mi\u00e9rcoles 20 de mayo, el vicepresidente Jorge Glas Espinel,\u00a0 particip\u00f3 en un almuerzo en Quito con los\u00a0 31 j\u00f3venes de CELEC EP\u00a0 beneficiarios del programa \u201cGeneraci\u00f3n del Conocimiento\u201d, que recibir\u00e1n capacitaci\u00f3n profesional en China.<\/span><\/p>\n<p style=\"text-align: justify;\"><span style=\"font-size: 11.0pt; font-family: 'Arial',sans-serif; color: #373737; mso-ansi-language: ES;\" lang=\"ES\">Los j\u00f3venes profesionales que laboran en las 13 Unidades de Negocio de la Corporaci\u00f3n El\u00e9ctrica del Ecuador compartieron con el Segundo Mandatario, El ministro de Electricidad y Energ\u00eda Renovable, Esteban Albornoz; Eduardo Barredo, gerente general de CELEC EP y Geovanny Pardo, gerente de CELEC EP Transelectric, sus experiencias y conocimientos adquiridos durante aproximadamente\u00a0 un a\u00f1o que forman parte de esta empresa p\u00fablica.<\/span><\/p>\n<p><!--more--><\/p>\n<p style=\"text-align: justify;\"><span style=\"color: #373737; font-family: Arial, sans-serif; font-size: 11pt; line-height: 1.3em;\">Los 31 funcionarios expresaron su agradecimiento, ante la gran oportunidad de capacitarse en un pa\u00eds que cuenta con la m\u00e1s alta tecnolog\u00eda y la hidroel\u00e9ctrica 3 Gargantas, la m\u00e1s grande del planeta, con una capacidad instalada de 22.500 megavatios.<\/span><\/p>\n<p style=\"text-align: justify;\"><span style=\"font-size: 11.0pt; font-family: 'Arial',sans-serif; color: #373737; mso-ansi-language: ES;\" lang=\"ES\">Como parte del plan de desarrollo profesional, los j\u00f3venes permanecer\u00e1n en China del 11 de junio al 11 de agosto. Durante este periodo realizar\u00e1n visitas t\u00e9cnicas a centrales y empresas como Harbin y Gezhouba, l\u00edderes mundiales en producci\u00f3n de equipos y ejecuci\u00f3n de proyectos de generaci\u00f3n el\u00e9ctrica. Adem\u00e1s durante 6 semanas participar\u00e1n en la universidad \u201cTres Gargantas\u201d de un programa de estudio sobre operaci\u00f3n, protecci\u00f3n, optimizaci\u00f3n y aplicaci\u00f3n electr\u00f3nica en centrales \u00a0hidroel\u00e9ctricas.<\/span><\/p>\n","protected":false},"excerpt":{"rendered":"<p>El pasado\u00a0 mi\u00e9rcoles 20 de mayo, el vicepresidente Jorge Glas Espinel,\u00a0 particip\u00f3 en un almuerzo en Quito con los\u00a0 31 j\u00f3venes de CELEC EP\u00a0 beneficiarios del programa \u201cGeneraci\u00f3n del Conocimiento\u201d, que recibir\u00e1n capacitaci\u00f3n profesional en China. Los j\u00f3venes profesionales que laboran en las 13 Unidades de Negocio de la Corporaci\u00f3n El\u00e9ctrica del Ecuador compartieron con [&hellip;]<\/p>\n","protected":false},"author":1,"featured_media":399,"comment_status":"open","ping_status":"open","sticky":false,"template":"","format":"standard","meta":{"_acf_changed":false,"_themeisle_gutenberg_block_has_review":false,"footnotes":""},"categories":[7],"tags":[],"class_list":["post-398","post","type-post","status-publish","format-standard","has-post-thumbnail","hentry","category-noticias"],"acf":[],"_links":{"self":[{"href":"https:\/\/www.celec.gob.ec\/hidroazogues\/wp-json\/wp\/v2\/posts\/398","targetHints":{"allow":["GET"]}}],"collection":[{"href":"https:\/\/www.celec.gob.ec\/hidroazogues\/wp-json\/wp\/v2\/posts"}],"about":[{"href":"https:\/\/www.celec.gob.ec\/hidroazogues\/wp-json\/wp\/v2\/types\/post"}],"author":[{"embeddable":true,"href":"https:\/\/www.celec.gob.ec\/hidroazogues\/wp-json\/wp\/v2\/users\/1"}],"replies":[{"embeddable":true,"href":"https:\/\/www.celec.gob.ec\/hidroazogues\/wp-json\/wp\/v2\/comments?post=398"}],"version-history":[{"count":0,"href":"https:\/\/www.celec.gob.ec\/hidroazogues\/wp-json\/wp\/v2\/posts\/398\/revisions"}],"wp:featuredmedia":[{"embeddable":true,"href":"https:\/\/www.celec.gob.ec\/hidroazogues\/wp-json\/wp\/v2\/media\/399"}],"wp:attachment":[{"href":"https:\/\/www.celec.gob.ec\/hidroazogues\/wp-json\/wp\/v2\/media?parent=398"}],"wp:term":[{"taxonomy":"category","embeddable":true,"href":"https:\/\/www.celec.gob.ec\/hidroazogues\/wp-json\/wp\/v2\/categories?post=398"},{"taxonomy":"post_tag","embeddable":true,"href":"https:\/\/www.celec.gob.ec\/hidroazogues\/wp-json\/wp\/v2\/tags?post=398"}],"curies":[{"name":"wp","href":"https:\/\/api.w.org\/{rel}","templated":true}]}}