{"id":1382,"date":"2022-09-16T14:24:13","date_gmt":"2022-09-16T14:24:13","guid":{"rendered":"https:\/\/www.celec.gob.ec\/hidronacion\/?p=743"},"modified":"2022-09-16T14:24:13","modified_gmt":"2022-09-16T14:24:13","slug":"celec-ep-participo-en-el-xxxvi-seminario-nacional-del-sector-el-electrico-ecuatoriano-en-loja","status":"publish","type":"post","link":"https:\/\/www.celec.gob.ec\/hidronacion\/sala-de-prensa\/celec-ep-participo-en-el-xxxvi-seminario-nacional-del-sector-el-electrico-ecuatoriano-en-loja\/","title":{"rendered":"CELEC EP particip\u00f3 en el XXXVI Seminario Nacional del Sector el El\u00e9ctrico Ecuatoriano, en Loja"},"content":{"rendered":"<p>\u00a0<\/p>\n<p><img loading=\"lazy\" decoding=\"async\" class=\" size-full wp-image-742\" style=\"display: block; margin-left: auto; margin-right: auto;\" src=\"https:\/\/www.celec.gob.ec\/hidronacion\/wp-content\/uploads\/2022\/09\/Seminario_sector_electrico_ecuatoriano_celec_ep.jpg\" alt=\"\" width=\"923\" height=\"436\" \/><\/p>\n<p>\u00a0<\/p>\n<p>\u00a0<\/p>\n<div class=\"item_fulltext\">\n<p style=\"text-align: justify;\">La Corporaci\u00f3n El\u00e9ctrica del Ecuador (CELEC EP) fue parte del XXXVI Seminario Nacional del Sector El\u00e9ctrico Ecuatoriano, organizado por ECUACIER y la Empresa El\u00e9ctrica Regional del Sur (EERSA) y que tuvo como sede a la ciudad de Loja, del 7 al 9 de septiembre.<\/p>\n<p style=\"text-align: justify;\">260 representantes de diferentes instituciones gubernamentales y empresas el\u00e9ctricas del pa\u00eds participaron en el seminario, en el que se presentaron\u00a0 los trabajos de investigaci\u00f3n de varios profesionales vinculados con el\u00a0 sector, en temas relacionados la\u00a0\u00a0 generaci\u00f3n, transmisi\u00f3n, distribuci\u00f3n y comercializaci\u00f3n de energ\u00eda el\u00e9ctrica.<\/p>\n<p style=\"text-align: justify;\">La CELEC EP aport\u00f3, en esta cita acad\u00e9mica, con trabajos t\u00e9cnicos elaborados por sus funcionarios, algunos de los temas presentados fueron: An\u00e1lisis Energ\u00e9tico del Requerimento Futuro de Gas Natural para la Generaci\u00f3n Termoel\u00e9ctrica en el Sistema Nacional Interconectado; Seguimiento Corporativo Proyecto \u201cGesti\u00f3n de Indicadores en L\u00ednea\u201d CELEC EP, entre otros.<\/p>\n<p style=\"text-align: justify;\">De igual forma, autoridades y funcionarios de la Corporaci\u00f3n participaron en las diferentes actividades desarrolladas. Este viernes se desarroll\u00f3 la sala de Gerentes y Presidentes de las empresas el\u00e9ctricas, en el que las autoridades estrecharon lazos, analizaron y planificaron acciones en bien del sector el\u00e9ctrico ecuatoriano.<\/p>\n<p style=\"text-align: justify;\">Este evento de capacitaci\u00f3n, que fue calificado como exitoso por quienes son parte de la organizaci\u00f3n, culminar\u00e1 este s\u00e1bado 10 de septiembre, con la visita a la central e\u00f3lica Villonaco, parque de generaci\u00f3n el\u00e9ctrica referente en la regi\u00f3n y que, adem\u00e1s,\u00a0 se ha convertido en uno de los principales atractivos tur\u00edsticos de la provincia de Loja.<\/p>\n<\/div>\n<div id=\"component\" class=\"span12\">\u00a0<\/div>\n","protected":false},"excerpt":{"rendered":"<p>\u00a0 \u00a0 \u00a0 La Corporaci\u00f3n El\u00e9ctrica del Ecuador (CELEC EP) fue parte del XXXVI Seminario Nacional del Sector El\u00e9ctrico Ecuatoriano, organizado por ECUACIER y la Empresa El\u00e9ctrica Regional del Sur (EERSA) y que tuvo como sede a la ciudad de Loja, del 7 al 9 de septiembre. 260 representantes de diferentes instituciones gubernamentales y empresas [&hellip;]<\/p>\n","protected":false},"author":3,"featured_media":1383,"comment_status":"open","ping_status":"open","sticky":false,"template":"","format":"standard","meta":{"_acf_changed":false,"_themeisle_gutenberg_block_has_review":false,"footnotes":""},"categories":[7],"tags":[],"class_list":["post-1382","post","type-post","status-publish","format-standard","has-post-thumbnail","hentry","category-sala-de-prensa"],"acf":[],"_links":{"self":[{"href":"https:\/\/www.celec.gob.ec\/hidronacion\/wp-json\/wp\/v2\/posts\/1382","targetHints":{"allow":["GET"]}}],"collection":[{"href":"https:\/\/www.celec.gob.ec\/hidronacion\/wp-json\/wp\/v2\/posts"}],"about":[{"href":"https:\/\/www.celec.gob.ec\/hidronacion\/wp-json\/wp\/v2\/types\/post"}],"author":[{"embeddable":true,"href":"https:\/\/www.celec.gob.ec\/hidronacion\/wp-json\/wp\/v2\/users\/3"}],"replies":[{"embeddable":true,"href":"https:\/\/www.celec.gob.ec\/hidronacion\/wp-json\/wp\/v2\/comments?post=1382"}],"version-history":[{"count":0,"href":"https:\/\/www.celec.gob.ec\/hidronacion\/wp-json\/wp\/v2\/posts\/1382\/revisions"}],"wp:featuredmedia":[{"embeddable":true,"href":"https:\/\/www.celec.gob.ec\/hidronacion\/wp-json\/wp\/v2\/media\/1383"}],"wp:attachment":[{"href":"https:\/\/www.celec.gob.ec\/hidronacion\/wp-json\/wp\/v2\/media?parent=1382"}],"wp:term":[{"taxonomy":"category","embeddable":true,"href":"https:\/\/www.celec.gob.ec\/hidronacion\/wp-json\/wp\/v2\/categories?post=1382"},{"taxonomy":"post_tag","embeddable":true,"href":"https:\/\/www.celec.gob.ec\/hidronacion\/wp-json\/wp\/v2\/tags?post=1382"}],"curies":[{"name":"wp","href":"https:\/\/api.w.org\/{rel}","templated":true}]}}