{"id":1605,"date":"2023-11-20T16:19:38","date_gmt":"2023-11-20T16:19:38","guid":{"rendered":"https:\/\/www.celec.gob.ec\/hidronacion\/?p=1605"},"modified":"2023-11-20T16:19:40","modified_gmt":"2023-11-20T16:19:40","slug":"celec-ep-participo-en-la-jornada-de-trabajo-sobre-planes-de-accion-y-mitigacion-antes-del-fenomeno-de-el-nino-y-el-cambio-climatico","status":"publish","type":"post","link":"https:\/\/www.celec.gob.ec\/hidronacion\/uncategorized\/celec-ep-participo-en-la-jornada-de-trabajo-sobre-planes-de-accion-y-mitigacion-antes-del-fenomeno-de-el-nino-y-el-cambio-climatico\/","title":{"rendered":"CELEC EP participo en la jornada de trabajo sobre Planes de Acci\u00f3n y Mitigaci\u00f3n antes del fen\u00f3meno de El Ni\u00f1o y el Cambio Clim\u00e1tico"},"content":{"rendered":"\n<figure class=\"wp-block-image size-full is-resized\"><img loading=\"lazy\" decoding=\"async\" width=\"567\" height=\"306\" src=\"https:\/\/www.celec.gob.ec\/hidronacion\/wp-content\/uploads\/2023\/11\/imagen.png\" alt=\"\" class=\"wp-image-1606\" style=\"width:837px;height:auto\" srcset=\"https:\/\/www.celec.gob.ec\/hidronacion\/wp-content\/uploads\/2023\/11\/imagen.png 567w, https:\/\/www.celec.gob.ec\/hidronacion\/wp-content\/uploads\/2023\/11\/imagen-300x162.png 300w\" sizes=\"auto, (max-width: 567px) 100vw, 567px\" \/><\/figure>\n\n\n\n<p>Autoridades de la Unidad de Negocio CELEC EP Hidronaci\u00f3n, que opera y administra la presa Daule Peripa y la central hidroel\u00e9ctrica Marcel Laniado de Wind, participaron en la Jornada de Actualizaci\u00f3n de Planes de Acci\u00f3n y Mitigaci\u00f3n antes del fen\u00f3meno de El Nino (ENOS) y el Cambio Clim\u00e1tico, coordinada por la Empresa P\u00fablica Municipal de Agua Potable y Alcantarillado de Guayaquil (EMAPAG-EP).<\/p>\n\n\n\n<p>Durante el evento, entidades municipales, provinciales y gubernamentales expusieron sus planes en competencia sobre el manejo del recurso h\u00eddrico previos al per\u00edodo invernal 2023 \u2013 2024 y Fen\u00f3meno del Ni\u00f1o activo.<\/p>\n\n\n\n<p>En esta mesa de trabajo intercambiaron informaci\u00f3n t\u00e9cnica sobre los planes de acci\u00f3n y operaci\u00f3n de la presa Daule Peripa, que est\u00e1 ubicada en el cant\u00f3n El Empalme, provincia del Guayas y tiene como fin mitigar inundaciones de magnitud en el invierno en el valle bajo del r\u00edo Daule.<\/p>\n","protected":false},"excerpt":{"rendered":"<p>Autoridades de la Unidad de Negocio CELEC EP Hidronaci\u00f3n, que opera y administra la presa Daule Peripa y la central hidroel\u00e9ctrica Marcel Laniado de Wind, participaron en la Jornada de Actualizaci\u00f3n de Planes de Acci\u00f3n y Mitigaci\u00f3n antes del fen\u00f3meno de El Nino (ENOS) y el Cambio Clim\u00e1tico, coordinada por la Empresa P\u00fablica Municipal de [&hellip;]<\/p>\n","protected":false},"author":7,"featured_media":0,"comment_status":"open","ping_status":"open","sticky":false,"template":"","format":"standard","meta":{"_acf_changed":false,"_themeisle_gutenberg_block_has_review":false,"footnotes":""},"categories":[1],"tags":[],"class_list":["post-1605","post","type-post","status-publish","format-standard","hentry","category-uncategorized"],"acf":[],"_links":{"self":[{"href":"https:\/\/www.celec.gob.ec\/hidronacion\/wp-json\/wp\/v2\/posts\/1605","targetHints":{"allow":["GET"]}}],"collection":[{"href":"https:\/\/www.celec.gob.ec\/hidronacion\/wp-json\/wp\/v2\/posts"}],"about":[{"href":"https:\/\/www.celec.gob.ec\/hidronacion\/wp-json\/wp\/v2\/types\/post"}],"author":[{"embeddable":true,"href":"https:\/\/www.celec.gob.ec\/hidronacion\/wp-json\/wp\/v2\/users\/7"}],"replies":[{"embeddable":true,"href":"https:\/\/www.celec.gob.ec\/hidronacion\/wp-json\/wp\/v2\/comments?post=1605"}],"version-history":[{"count":1,"href":"https:\/\/www.celec.gob.ec\/hidronacion\/wp-json\/wp\/v2\/posts\/1605\/revisions"}],"predecessor-version":[{"id":1607,"href":"https:\/\/www.celec.gob.ec\/hidronacion\/wp-json\/wp\/v2\/posts\/1605\/revisions\/1607"}],"wp:attachment":[{"href":"https:\/\/www.celec.gob.ec\/hidronacion\/wp-json\/wp\/v2\/media?parent=1605"}],"wp:term":[{"taxonomy":"category","embeddable":true,"href":"https:\/\/www.celec.gob.ec\/hidronacion\/wp-json\/wp\/v2\/categories?post=1605"},{"taxonomy":"post_tag","embeddable":true,"href":"https:\/\/www.celec.gob.ec\/hidronacion\/wp-json\/wp\/v2\/tags?post=1605"}],"curies":[{"name":"wp","href":"https:\/\/api.w.org\/{rel}","templated":true}]}}