{"id":306,"date":"2020-03-10T20:00:40","date_gmt":"2020-03-10T20:00:40","guid":{"rendered":"https:\/\/www.celec.gob.ec\/hidronacion\/?p=150"},"modified":"2023-05-23T16:40:18","modified_gmt":"2023-05-23T16:40:18","slug":"ing-raul-maldonado-los-derechos-de-los-trabajadores-de-celec-ep-estan-garantizados","status":"publish","type":"post","link":"https:\/\/www.celec.gob.ec\/hidronacion\/sala-de-prensa\/ing-raul-maldonado-los-derechos-de-los-trabajadores-de-celec-ep-estan-garantizados\/","title":{"rendered":"Ing. Ra\u00fal Maldonado: Los derechos de los trabajadores de CELEC EP est\u00e1n garantizados"},"content":{"rendered":"<p>El representante legal e interventor de la Corporaci\u00f3n El\u00e9ctrica del Ecuador, Ing. Ra\u00fal Maldonado, en una reuni\u00f3n de trabajo mantenida con los dirigentes sindicales de la Corporaci\u00f3n El\u00e9ctrica del Ecuador &#8211; CELEC EP, explic\u00f3 los alcances del proceso de intervenci\u00f3n en la Corporaci\u00f3n, dispuesta por el ministro de Energ\u00eda y Recursos Naturales No Renovables, Jos\u00e9 Agusto, y que es ejecutada por la Agencia de Regulaci\u00f3n y Control de la Electricidad \u2013 ARCONEL.<\/p>\n<p><!--more--><br \/>\nEl representante legal e interventor de la Corporaci\u00f3n El\u00e9ctrica del Ecuador, Ing. Ra\u00fal Maldonado, en una reuni\u00f3n de trabajo mantenida con los dirigentes sindicales de la Corporaci\u00f3n El\u00e9ctrica del Ecuador &#8211; CELEC EP, explic\u00f3 los alcances del proceso de intervenci\u00f3n en la Corporaci\u00f3n, dispuesta por el ministro de Energ\u00eda y Recursos Naturales No Renovables, Jos\u00e9 Agusto, y que es ejecutada por la Agencia de Regulaci\u00f3n y Control de la Electricidad \u2013 ARCONEL.<br \/>\nEn el encuentro, desarrollado este viernes 6 de marzo, destac\u00f3 que la intervenci\u00f3n en CELEC EP no es un proceso de reducci\u00f3n de personal. Se trabaja para fortalecer la gesti\u00f3n de la Corporaci\u00f3n mediante una estructura que optimice la operaci\u00f3n y mantenimiento de las centrales de generaci\u00f3n el\u00e9ctrica y sistemas de transmisi\u00f3n para mejorar la calidad del servicio y minimizar costos, dijo.<br \/>\nRecord\u00f3 que el \u00e1rea de operaci\u00f3n y mantenimiento de las centrales y subestaciones ser\u00e1n fortalecidas, dot\u00e1ndoles de mejores herramientas de trabajo en todos los niveles. Adem\u00e1s, indic\u00f3 que se establecer\u00e1n modelos y procesos para que el \u00e1rea administrativa cumpla de manera eficiente y est\u00e9 al servicio de las necesidades de operaci\u00f3n y mantenimiento.<br \/>\nCon respecto a las centrales t\u00e9rmicas, aclar\u00f3 que se analizan las opciones de integraci\u00f3n en unidades operativas m\u00e1s grandes para alcanzar mayores ahorros de escala. Record\u00f3 que estas centrales son necesarias por cuanto su potencia contribuye a darle estabilidad al todo el sistema<br \/>\nde generaci\u00f3n. Al momento, un equipo de especialistas realiza un estudio sobre la situaci\u00f3n de las centrales.<br \/>\nC\u00e9sar Plaza, dirigente del Comit\u00e9 de Empresa de la Corporaci\u00f3n El\u00e9ctrica del Ecuador, destac\u00f3 la apertura a un di\u00e1logo con resultados por parte de las autoridades de CELEC EP. Coment\u00f3 que este proceso de fortalecimiento contribuir\u00e1 a mejorar la calidad del servicio de generaci\u00f3n y transmisi\u00f3n de energ\u00eda el\u00e9ctrica.<\/p>\n","protected":false},"excerpt":{"rendered":"<p>El representante legal e interventor de la Corporaci\u00f3n El\u00e9ctrica del Ecuador, Ing. Ra\u00fal Maldonado, en una reuni\u00f3n de trabajo mantenida con los dirigentes sindicales de la Corporaci\u00f3n El\u00e9ctrica del Ecuador &#8211; CELEC EP, explic\u00f3 los alcances del proceso de intervenci\u00f3n en la Corporaci\u00f3n, dispuesta por el ministro de Energ\u00eda y Recursos Naturales No Renovables, Jos\u00e9 [&hellip;]<\/p>\n","protected":false},"author":3,"featured_media":0,"comment_status":"open","ping_status":"open","sticky":false,"template":"","format":"standard","meta":{"_acf_changed":false,"_themeisle_gutenberg_block_has_review":false,"footnotes":""},"categories":[7],"tags":[],"class_list":["post-306","post","type-post","status-publish","format-standard","hentry","category-sala-de-prensa"],"acf":[],"_links":{"self":[{"href":"https:\/\/www.celec.gob.ec\/hidronacion\/wp-json\/wp\/v2\/posts\/306","targetHints":{"allow":["GET"]}}],"collection":[{"href":"https:\/\/www.celec.gob.ec\/hidronacion\/wp-json\/wp\/v2\/posts"}],"about":[{"href":"https:\/\/www.celec.gob.ec\/hidronacion\/wp-json\/wp\/v2\/types\/post"}],"author":[{"embeddable":true,"href":"https:\/\/www.celec.gob.ec\/hidronacion\/wp-json\/wp\/v2\/users\/3"}],"replies":[{"embeddable":true,"href":"https:\/\/www.celec.gob.ec\/hidronacion\/wp-json\/wp\/v2\/comments?post=306"}],"version-history":[{"count":1,"href":"https:\/\/www.celec.gob.ec\/hidronacion\/wp-json\/wp\/v2\/posts\/306\/revisions"}],"predecessor-version":[{"id":1036,"href":"https:\/\/www.celec.gob.ec\/hidronacion\/wp-json\/wp\/v2\/posts\/306\/revisions\/1036"}],"wp:attachment":[{"href":"https:\/\/www.celec.gob.ec\/hidronacion\/wp-json\/wp\/v2\/media?parent=306"}],"wp:term":[{"taxonomy":"category","embeddable":true,"href":"https:\/\/www.celec.gob.ec\/hidronacion\/wp-json\/wp\/v2\/categories?post=306"},{"taxonomy":"post_tag","embeddable":true,"href":"https:\/\/www.celec.gob.ec\/hidronacion\/wp-json\/wp\/v2\/tags?post=306"}],"curies":[{"name":"wp","href":"https:\/\/api.w.org\/{rel}","templated":true}]}}