{"id":307,"date":"2020-03-10T20:00:40","date_gmt":"2020-03-10T20:00:40","guid":{"rendered":"https:\/\/www.celec.gob.ec\/hidronacion\/?p=137"},"modified":"2023-05-23T16:40:18","modified_gmt":"2023-05-23T16:40:18","slug":"celec-ep-invirtio-usd-109-mil-en-habitantes-de-la-zona-de-influencia-de-la-central-santa-elena","status":"publish","type":"post","link":"https:\/\/www.celec.gob.ec\/hidronacion\/sala-de-prensa\/celec-ep-invirtio-usd-109-mil-en-habitantes-de-la-zona-de-influencia-de-la-central-santa-elena\/","title":{"rendered":"CELEC EP invirti\u00f3 USD 109 mil en habitantes de la zona de influencia de la Central Santa Elena"},"content":{"rendered":"<p>La Corporaci\u00f3n El\u00e9ctrica del Ecuador \u2013 CELEC EP \u2013, a trav\u00e9s de su Unidad de Negocio Electroguayas, invirti\u00f3 USD 109 mil en la zona de influencia de la Central T\u00e9rmica Santa Elena, como parte del plan de Gesti\u00f3n Social que se implementa desde octubre de 2019 y culminar\u00e1 en marzo de 2020.<\/p>\n<p><!--more--><br \/>\nLa Corporaci\u00f3n El\u00e9ctrica del Ecuador \u2013 CELEC EP \u2013, a trav\u00e9s de su Unidad de Negocio Electroguayas, invirti\u00f3 USD 109 mil en la zona de influencia de la Central T\u00e9rmica Santa Elena, como parte del plan de Gesti\u00f3n Social que se implementa desde octubre de 2019 y culminar\u00e1 en marzo de 2020.<br \/>\nLas actividades contempladas en el Plan de Gesti\u00f3n Social se enmarcan en los ejes de salud preventiva, educaci\u00f3n y recreaci\u00f3n, capacitaci\u00f3n productiva y emprendimiento. Hasta el momento se han beneficiado a 860 personas de las comunidades de Tip\u00e1n Niza, 1 de Mayo, 7 de Noviembre y Entre R\u00edos, de la provincia de Santa Elena.<br \/>\nEn el \u00e1rea de capacitaci\u00f3n productiva y emprendimiento, los habitantes de la zona de influencia de la Central T\u00e9rmica Santa Elena han sido capacitados en cursos de econom\u00eda dom\u00e9stica, decoraci\u00f3n de eventos, adornos para el hogar, reposter\u00eda y panader\u00eda, cosmetolog\u00eda y belleza, entre otros, lo cual busca generar oportunidades de emprendimiento que permitan mejorar la econom\u00eda de sus hogares.<br \/>\nAsimismo, CELEC EP Electroguayas ha desarrollado un modelo de recreaci\u00f3n para los ni\u00f1os y encuentros de j\u00f3venes, en donde se potencia la elecci\u00f3n de un estilo de vida saludable, alejado de conductas no adecuadas.<br \/>\nDionicio Torres, jefe de Gesti\u00f3n Social y Ambiental, indic\u00f3 que en junio de 2020 iniciar\u00e1 el nuevo Plan de Gesti\u00f3n Social para la zona de influencia de la Central Santa Elena, con el cual se busca beneficiar a 1740 personas para mejorar su calidad de vida.<\/p>\n","protected":false},"excerpt":{"rendered":"<p>La Corporaci\u00f3n El\u00e9ctrica del Ecuador \u2013 CELEC EP \u2013, a trav\u00e9s de su Unidad de Negocio Electroguayas, invirti\u00f3 USD 109 mil en la zona de influencia de la Central T\u00e9rmica Santa Elena, como parte del plan de Gesti\u00f3n Social que se implementa desde octubre de 2019 y culminar\u00e1 en marzo de 2020.<\/p>\n","protected":false},"author":3,"featured_media":0,"comment_status":"open","ping_status":"open","sticky":false,"template":"","format":"standard","meta":{"_acf_changed":false,"_themeisle_gutenberg_block_has_review":false,"footnotes":""},"categories":[7],"tags":[],"class_list":["post-307","post","type-post","status-publish","format-standard","hentry","category-sala-de-prensa"],"acf":[],"_links":{"self":[{"href":"https:\/\/www.celec.gob.ec\/hidronacion\/wp-json\/wp\/v2\/posts\/307","targetHints":{"allow":["GET"]}}],"collection":[{"href":"https:\/\/www.celec.gob.ec\/hidronacion\/wp-json\/wp\/v2\/posts"}],"about":[{"href":"https:\/\/www.celec.gob.ec\/hidronacion\/wp-json\/wp\/v2\/types\/post"}],"author":[{"embeddable":true,"href":"https:\/\/www.celec.gob.ec\/hidronacion\/wp-json\/wp\/v2\/users\/3"}],"replies":[{"embeddable":true,"href":"https:\/\/www.celec.gob.ec\/hidronacion\/wp-json\/wp\/v2\/comments?post=307"}],"version-history":[{"count":1,"href":"https:\/\/www.celec.gob.ec\/hidronacion\/wp-json\/wp\/v2\/posts\/307\/revisions"}],"predecessor-version":[{"id":1037,"href":"https:\/\/www.celec.gob.ec\/hidronacion\/wp-json\/wp\/v2\/posts\/307\/revisions\/1037"}],"wp:attachment":[{"href":"https:\/\/www.celec.gob.ec\/hidronacion\/wp-json\/wp\/v2\/media?parent=307"}],"wp:term":[{"taxonomy":"category","embeddable":true,"href":"https:\/\/www.celec.gob.ec\/hidronacion\/wp-json\/wp\/v2\/categories?post=307"},{"taxonomy":"post_tag","embeddable":true,"href":"https:\/\/www.celec.gob.ec\/hidronacion\/wp-json\/wp\/v2\/tags?post=307"}],"curies":[{"name":"wp","href":"https:\/\/api.w.org\/{rel}","templated":true}]}}