{"id":308,"date":"2020-03-10T20:00:40","date_gmt":"2020-03-10T20:00:40","guid":{"rendered":"https:\/\/www.celec.gob.ec\/hidronacion\/?p=138"},"modified":"2023-05-23T16:40:18","modified_gmt":"2023-05-23T16:40:18","slug":"celec-ep-gensur-y-la-universidad-nacional-de-loja-firman-convenio-de-cooperacion","status":"publish","type":"post","link":"https:\/\/www.celec.gob.ec\/hidronacion\/sala-de-prensa\/celec-ep-gensur-y-la-universidad-nacional-de-loja-firman-convenio-de-cooperacion\/","title":{"rendered":"CELEC EP GENSUR y la Universidad Nacional de Loja firman convenio de cooperaci\u00f3n"},"content":{"rendered":"<p style=\"text-align: justify;\">La Corporaci\u00f3n El\u00e9ctrica del Ecuador, a trav\u00e9s de la Unidad de Negocio GENSUR y la Universidad Nacional de Loja, firmaron un convenio de cooperaci\u00f3n interinstitucional. El acto se cumpli\u00f3 este mi\u00e9rcoles 12 de febrero en las instalaciones del Alma Mater Lojana.<\/p>\n<p><!--more--><br \/>\nLa Corporaci\u00f3n El\u00e9ctrica del Ecuador, a trav\u00e9s de la Unidad de Negocio GENSUR y la Universidad Nacional de Loja, firmaron un convenio de cooperaci\u00f3n interinstitucional. El acto se cumpli\u00f3 este mi\u00e9rcoles 12 de febrero en las instalaciones del Alma Mater Lojana.<br \/>\nEn la suscripci\u00f3n participaron el gerente de la Unidad de Negocio CELEC EP GENSUR, Hermel Flores, y el rector de la UNL, Nicolay Aguirre, quienes destacaron la importancia del convenio porque abre las puertas al intercambio de conocimientos, a la investigaci\u00f3n y capacitaci\u00f3n continua de estudiantes y funcionarios de las dos instituciones.<br \/>\nPara Hermel Flores, es una gran oportunidad para los estudiantes de las diferentes ramas t\u00e9cnicas que oferta la Universidad, ya que pueden aplicar los conocimientos adquiridos en las aulas en el campo real de la profesi\u00f3n a trav\u00e9s de pasant\u00edas y el desarrollo de temas de investigaci\u00f3n.<br \/>\nPor su parte, Nicolay Aguirre se\u00f1al\u00f3 que como Universidad se encuentran trabajando en temas ambientales y de ordenamiento territorial en la parroquia Imbana, zona de influencia de la Central Hidroel\u00e9ctrica Delsitanisagua, a cargo de CELEC EP, por lo que con la firma de este convenio, se pueden ejecutar proyectos que permitan un trabajo conjunto para beneficio de las dos partes y de la comunidad.<br \/>\nEste convenio, permitir\u00e1 tambi\u00e9n el desarrollo de visitas t\u00e9cnicas a las instalaciones de las Centrales Villonaco y Delsitanisagua por parte de los estudiantes de la Universidad, as\u00ed como la participaci\u00f3n del personal de la CELEC EP GENSUR en eventos de capacitaci\u00f3n y estudios o especializaci\u00f3n que sean organizados por la Universidad Nacional de Loja.<\/p>\n","protected":false},"excerpt":{"rendered":"<p>La Corporaci\u00f3n El\u00e9ctrica del Ecuador, a trav\u00e9s de la Unidad de Negocio GENSUR y la Universidad Nacional de Loja, firmaron un convenio de cooperaci\u00f3n interinstitucional. El acto se cumpli\u00f3 este mi\u00e9rcoles 12 de febrero en las instalaciones del Alma Mater Lojana.<\/p>\n","protected":false},"author":3,"featured_media":0,"comment_status":"open","ping_status":"open","sticky":false,"template":"","format":"standard","meta":{"_acf_changed":false,"_themeisle_gutenberg_block_has_review":false,"footnotes":""},"categories":[7],"tags":[],"class_list":["post-308","post","type-post","status-publish","format-standard","hentry","category-sala-de-prensa"],"acf":[],"_links":{"self":[{"href":"https:\/\/www.celec.gob.ec\/hidronacion\/wp-json\/wp\/v2\/posts\/308","targetHints":{"allow":["GET"]}}],"collection":[{"href":"https:\/\/www.celec.gob.ec\/hidronacion\/wp-json\/wp\/v2\/posts"}],"about":[{"href":"https:\/\/www.celec.gob.ec\/hidronacion\/wp-json\/wp\/v2\/types\/post"}],"author":[{"embeddable":true,"href":"https:\/\/www.celec.gob.ec\/hidronacion\/wp-json\/wp\/v2\/users\/3"}],"replies":[{"embeddable":true,"href":"https:\/\/www.celec.gob.ec\/hidronacion\/wp-json\/wp\/v2\/comments?post=308"}],"version-history":[{"count":1,"href":"https:\/\/www.celec.gob.ec\/hidronacion\/wp-json\/wp\/v2\/posts\/308\/revisions"}],"predecessor-version":[{"id":1038,"href":"https:\/\/www.celec.gob.ec\/hidronacion\/wp-json\/wp\/v2\/posts\/308\/revisions\/1038"}],"wp:attachment":[{"href":"https:\/\/www.celec.gob.ec\/hidronacion\/wp-json\/wp\/v2\/media?parent=308"}],"wp:term":[{"taxonomy":"category","embeddable":true,"href":"https:\/\/www.celec.gob.ec\/hidronacion\/wp-json\/wp\/v2\/categories?post=308"},{"taxonomy":"post_tag","embeddable":true,"href":"https:\/\/www.celec.gob.ec\/hidronacion\/wp-json\/wp\/v2\/tags?post=308"}],"curies":[{"name":"wp","href":"https:\/\/api.w.org\/{rel}","templated":true}]}}