{"id":310,"date":"2020-03-10T20:00:40","date_gmt":"2020-03-10T20:00:40","guid":{"rendered":"https:\/\/www.celec.gob.ec\/hidronacion\/?p=140"},"modified":"2023-05-23T16:40:18","modified_gmt":"2023-05-23T16:40:18","slug":"la-construccion-del-sistema-de-transmision-quevedo-san-gregorio-san-juan-de-manta-registra-un-avance-del-86-por-ciento","status":"publish","type":"post","link":"https:\/\/www.celec.gob.ec\/hidronacion\/sala-de-prensa\/la-construccion-del-sistema-de-transmision-quevedo-san-gregorio-san-juan-de-manta-registra-un-avance-del-86-por-ciento\/","title":{"rendered":"La construcci\u00f3n del Sistema de transmisi\u00f3n Quevedo &#8211; San Gregorio &#8211; San Juan de Manta registra un avance del 86 por ciento"},"content":{"rendered":"<p style=\"text-align: justify;\">El Gobierno Nacional, a trav\u00e9s del Ministerio de Energ\u00eda y Recursos Naturales No Renovables y la Corporaci\u00f3n El\u00e9ctrica del Ecuador CELEC EP, construye el nuevo sistema de transmisi\u00f3n el\u00e9ctrica Quevedo &#8211; San Gregorio &#8211; San Juan de Manta, a 230 mil voltios. La obra beneficiar\u00e1 a los habitantes de la provincia de Manab\u00ed con un nuevo punto de conexi\u00f3n desde el Sistema Nacional de Transmisi\u00f3n (SNT) para la Corporaci\u00f3n Nacional de Electricidad (CNEL EP), entidad responsable de la distribuci\u00f3n y comercializaci\u00f3n de energ\u00eda en esa provincia.<\/p>\n<p><!--more--><br \/>\nEl Gobierno Nacional, a trav\u00e9s del Ministerio de Energ\u00eda y Recursos Naturales No Renovables y la Corporaci\u00f3n El\u00e9ctrica del Ecuador CELEC EP, construye el nuevo sistema de transmisi\u00f3n el\u00e9ctrica Quevedo &#8211; San Gregorio &#8211; San Juan de Manta, a 230 mil voltios. La obra beneficiar\u00e1 a los habitantes de la provincia de Manab\u00ed con un nuevo punto de conexi\u00f3n desde el Sistema Nacional de Transmisi\u00f3n (SNT) para la Corporaci\u00f3n Nacional de Electricidad (CNEL EP), entidad responsable de la distribuci\u00f3n y comercializaci\u00f3n de energ\u00eda en esa provincia.<br \/>\nCon una inversi\u00f3n de 45.5 millones de d\u00f3lares, esta obra optimizar\u00e1 el servicio de transmisi\u00f3n de energ\u00eda el\u00e9ctrica en esta provincia, para mejorar la calidad del voltaje. El nuevo sistema beneficiar\u00e1 a m\u00e1s de 632.000 habitantes de la zona centro de Manab\u00ed (Portoviejo, Rocafuerte, Tosagua, Jun\u00edn, Bol\u00edvar, Santa Ana y 24 de Mayo), al incrementar la confiabilidad en el abastecimiento de energ\u00eda el\u00e9ctrica, lo que impactar\u00e1 positivamente en el sector residencial, industrial y hotelero.<br \/>\nEl Gobierno de Todos, a trav\u00e9s de la ejecuci\u00f3n de las nuevas obras de transmisi\u00f3n promueve el desarrollo productivo, comercial y dinamiza la econom\u00eda de las zonas de influencia donde se ubican los mismos. Adem\u00e1s, la ejecuci\u00f3n del proyecto ha generado 400 fuentes de empleo directo e indirecto.<br \/>\nLa construcci\u00f3n de este nuevo sistema de transmisi\u00f3n de energ\u00eda el\u00e9ctrica registra un avance del 86%. Las obras que lo conforman son:\u2022 Subestaci\u00f3n Quevedo, ampliaci\u00f3n de la bah\u00eda de l\u00ednea a 230 kV.\u2022 Subestaci\u00f3n San Gregorio, ampliaci\u00f3n del patio 230 kV.\u2022 L\u00ednea de Transmisi\u00f3n San Gregorio \u2013 San Juan de Manta 230 kV.\u2022 Subestaci\u00f3n San Juan de Manta, 230\/69 kV, 225 MVA<br \/>\nUn compromiso con el ambienteEntre las acciones que implement\u00f3 CELEC EP para la ejecuci\u00f3n de esta obra est\u00e1 un plan de reforestaci\u00f3n en el Cerro de Hojas Jaboncillo, ubicado en la parroquia Picoaz\u00e1, cant\u00f3n Portoviejo. Para desarrollar esta actividad se sembraron 3.600 especies end\u00e9micas, entre las que se destacan: ceiba, seca, jaboncillo, \u00e9bano, algarrobo, barbasco y teca.<br \/>\nGracias a un trabajo coordinado y participativo con los habitantes de esta parroquia, primero se recogieron las semillas, las que luego se sembraron en viveros habilitados en las casas de los propios vecinos. Para los pr\u00f3ximos d\u00edas se planifica la plantaci\u00f3n de estas especies en los sitios previamente seleccionados.<\/p>\n","protected":false},"excerpt":{"rendered":"<p>El Gobierno Nacional, a trav\u00e9s del Ministerio de Energ\u00eda y Recursos Naturales No Renovables y la Corporaci\u00f3n El\u00e9ctrica del Ecuador CELEC EP, construye el nuevo sistema de transmisi\u00f3n el\u00e9ctrica Quevedo &#8211; San Gregorio &#8211; San Juan de Manta, a 230 mil voltios. La obra beneficiar\u00e1 a los habitantes de la provincia de Manab\u00ed con un [&hellip;]<\/p>\n","protected":false},"author":3,"featured_media":0,"comment_status":"open","ping_status":"open","sticky":false,"template":"","format":"standard","meta":{"_acf_changed":false,"_themeisle_gutenberg_block_has_review":false,"footnotes":""},"categories":[7],"tags":[],"class_list":["post-310","post","type-post","status-publish","format-standard","hentry","category-sala-de-prensa"],"acf":[],"_links":{"self":[{"href":"https:\/\/www.celec.gob.ec\/hidronacion\/wp-json\/wp\/v2\/posts\/310","targetHints":{"allow":["GET"]}}],"collection":[{"href":"https:\/\/www.celec.gob.ec\/hidronacion\/wp-json\/wp\/v2\/posts"}],"about":[{"href":"https:\/\/www.celec.gob.ec\/hidronacion\/wp-json\/wp\/v2\/types\/post"}],"author":[{"embeddable":true,"href":"https:\/\/www.celec.gob.ec\/hidronacion\/wp-json\/wp\/v2\/users\/3"}],"replies":[{"embeddable":true,"href":"https:\/\/www.celec.gob.ec\/hidronacion\/wp-json\/wp\/v2\/comments?post=310"}],"version-history":[{"count":1,"href":"https:\/\/www.celec.gob.ec\/hidronacion\/wp-json\/wp\/v2\/posts\/310\/revisions"}],"predecessor-version":[{"id":1040,"href":"https:\/\/www.celec.gob.ec\/hidronacion\/wp-json\/wp\/v2\/posts\/310\/revisions\/1040"}],"wp:attachment":[{"href":"https:\/\/www.celec.gob.ec\/hidronacion\/wp-json\/wp\/v2\/media?parent=310"}],"wp:term":[{"taxonomy":"category","embeddable":true,"href":"https:\/\/www.celec.gob.ec\/hidronacion\/wp-json\/wp\/v2\/categories?post=310"},{"taxonomy":"post_tag","embeddable":true,"href":"https:\/\/www.celec.gob.ec\/hidronacion\/wp-json\/wp\/v2\/tags?post=310"}],"curies":[{"name":"wp","href":"https:\/\/api.w.org\/{rel}","templated":true}]}}