{"id":311,"date":"2020-03-10T20:00:40","date_gmt":"2020-03-10T20:00:40","guid":{"rendered":"https:\/\/www.celec.gob.ec\/hidronacion\/?p=141"},"modified":"2023-05-23T16:40:18","modified_gmt":"2023-05-23T16:40:18","slug":"celec-ep-termomanabi-llega-a-los-moradores-de-colinas-del-jocay-con-su-campana-de-salud-preventiva","status":"publish","type":"post","link":"https:\/\/www.celec.gob.ec\/hidronacion\/sala-de-prensa\/celec-ep-termomanabi-llega-a-los-moradores-de-colinas-del-jocay-con-su-campana-de-salud-preventiva\/","title":{"rendered":"CELEC EP TERMOMANAB\u00cd llega a los moradores de Colinas del Jocay con su campa\u00f1a de salud preventiva"},"content":{"rendered":"<p style=\"text-align: justify;\">El pasado viernes viernes 14 de febrero, la Corporaci\u00f3n El\u00e9ctrica del Ecuador &#8211; CELEC EP-, a trav\u00e9s de su Unidad de Negocio Termomanab\u00ed, atendi\u00f3 a 250 personas de Colinas del Jocay, zona de influencia de la Central Miraflores, con una campa\u00f1a preventiva de desparasitaci\u00f3n y vitaminizaci\u00f3n.<\/p>\n<p><!--more--><br \/>\nEl pasado viernes viernes 14 de febrero, la Corporaci\u00f3n El\u00e9ctrica del Ecuador &#8211; CELEC EP-, a trav\u00e9s de su Unidad de Negocio Termomanab\u00ed, atendi\u00f3 a 250 personas de Colinas del Jocay, zona de influencia de la Central Miraflores, con una campa\u00f1a preventiva de desparasitaci\u00f3n y vitaminizaci\u00f3n.<br \/>\nEsta actividad se coordin\u00f3 y desarroll\u00f3 entre el grupo de profesionales en la salud de CELEC EP y el Municipio de Manta, que brind\u00f3 atenci\u00f3n m\u00e9dica de calidad, en las \u00e1reas de odontolog\u00eda, medicina general y fisioterapia. El servicio m\u00e9dico se complement\u00f3 con la entrega de medicinas gratuitas para desparasitaci\u00f3n y vitaminizaci\u00f3nLos pacientes recibieron informaci\u00f3n de la importancia de la prevenci\u00f3n. Elvia Vera, rectora de la Escuela Particular Monte de Si\u00f3n, agradeci\u00f3 a CELEC EP Termomanab\u00ed por gestionar estas actividades en el sector.<br \/>\n\u201cNuestro plan se enfoca en el cumplimiento de los programas de gesti\u00f3n social coordinados para este 2020. Adem\u00e1s, tenemos a cargo la organizaci\u00f3n de mingas barriales que mejoran tambi\u00e9n el entorno de los ciudadanos\u201d, acot\u00f3 Xavier Chinga promotor social de CELEC EP.<\/p>\n","protected":false},"excerpt":{"rendered":"<p>El pasado viernes viernes 14 de febrero, la Corporaci\u00f3n El\u00e9ctrica del Ecuador &#8211; CELEC EP-, a trav\u00e9s de su Unidad de Negocio Termomanab\u00ed, atendi\u00f3 a 250 personas de Colinas del Jocay, zona de influencia de la Central Miraflores, con una campa\u00f1a preventiva de desparasitaci\u00f3n y vitaminizaci\u00f3n.<\/p>\n","protected":false},"author":3,"featured_media":0,"comment_status":"open","ping_status":"open","sticky":false,"template":"","format":"standard","meta":{"_acf_changed":false,"_themeisle_gutenberg_block_has_review":false,"footnotes":""},"categories":[7],"tags":[],"class_list":["post-311","post","type-post","status-publish","format-standard","hentry","category-sala-de-prensa"],"acf":[],"_links":{"self":[{"href":"https:\/\/www.celec.gob.ec\/hidronacion\/wp-json\/wp\/v2\/posts\/311","targetHints":{"allow":["GET"]}}],"collection":[{"href":"https:\/\/www.celec.gob.ec\/hidronacion\/wp-json\/wp\/v2\/posts"}],"about":[{"href":"https:\/\/www.celec.gob.ec\/hidronacion\/wp-json\/wp\/v2\/types\/post"}],"author":[{"embeddable":true,"href":"https:\/\/www.celec.gob.ec\/hidronacion\/wp-json\/wp\/v2\/users\/3"}],"replies":[{"embeddable":true,"href":"https:\/\/www.celec.gob.ec\/hidronacion\/wp-json\/wp\/v2\/comments?post=311"}],"version-history":[{"count":1,"href":"https:\/\/www.celec.gob.ec\/hidronacion\/wp-json\/wp\/v2\/posts\/311\/revisions"}],"predecessor-version":[{"id":1041,"href":"https:\/\/www.celec.gob.ec\/hidronacion\/wp-json\/wp\/v2\/posts\/311\/revisions\/1041"}],"wp:attachment":[{"href":"https:\/\/www.celec.gob.ec\/hidronacion\/wp-json\/wp\/v2\/media?parent=311"}],"wp:term":[{"taxonomy":"category","embeddable":true,"href":"https:\/\/www.celec.gob.ec\/hidronacion\/wp-json\/wp\/v2\/categories?post=311"},{"taxonomy":"post_tag","embeddable":true,"href":"https:\/\/www.celec.gob.ec\/hidronacion\/wp-json\/wp\/v2\/tags?post=311"}],"curies":[{"name":"wp","href":"https:\/\/api.w.org\/{rel}","templated":true}]}}