{"id":719,"date":"2022-01-31T15:31:45","date_gmt":"2022-01-31T15:31:45","guid":{"rendered":"https:\/\/www.celec.gob.ec\/hidronacion\/?p=549"},"modified":"2022-01-31T15:31:45","modified_gmt":"2022-01-31T15:31:45","slug":"gerente-general-de-celec-ep-participa-en-tratamiento-de-ley-de-energia-electrica","status":"publish","type":"post","link":"https:\/\/www.celec.gob.ec\/hidronacion\/sala-de-prensa\/gerente-general-de-celec-ep-participa-en-tratamiento-de-ley-de-energia-electrica\/","title":{"rendered":"Gerente General de CELEC EP participa en tratamiento de Ley de Energ\u00eda El\u00e9ctrica"},"content":{"rendered":"<p>\u00a0<\/p>\n<p>\u00a0<\/p>\n<p>\u00a0<\/p>\n<div class=\"item_fulltext\">\n<p><img loading=\"lazy\" decoding=\"async\" class=\" size-full wp-image-548\" style=\"display: block; margin-left: auto; margin-right: auto;\" src=\"https:\/\/www.celec.gob.ec\/hidronacion\/wp-content\/uploads\/2022\/01\/Ing_Gonzalo_Uquillas_Comisin_Desarrollo_Econmico_Asamblea_Nacional.jpeg\" alt=\"\" width=\"803\" height=\"431\" \/><\/p>\n<p>El Gerente General de la Corporaci\u00f3n El\u00e9ctrica del Ecuador (CELEC EP), Gonzalo Uquillas Vallejo, particip\u00f3 en la sesi\u00f3n N\u00ba 64 de la Comisi\u00f3n de Desarrollo Econ\u00f3mico, Productivo y la Microempresa de la Asamblea Nacional, que tramita el proyecto de Ley Reformatoria a la Ley Org\u00e1nica del Servicio P\u00fablico de Energ\u00eda El\u00e9ctrica.<\/p>\n<p>Se refiri\u00f3 acerca de la propuesta de crear una tarifa amaz\u00f3nica preferencial, as\u00ed como a los recursos para el desarrollo territorial de los Gobiernos Aut\u00f3nomos Descentralizados (GADs). Al respecto dijo que \u201cal momento la normativa establece la necesidad de una tarifa a nivel nacional, que incluye Gal\u00e1pagos, donde los costos de generaci\u00f3n el\u00e9ctrica son mucho m\u00e1s altos que los que realmente se reconocen\u201d.<\/p>\n<p>Se\u00f1al\u00f3 que es indispensable hacer uso de la normativa vigente en t\u00e9rminos de la aplicaci\u00f3n de la Tarifa Dignidad y el subsidio correspondiente a cargo del sector el\u00e9ctrico y cuando corresponda a cargo del Ministerio de Econom\u00eda y Finanzas. \u201cEn este sentido, el criterio de CELEC EP es que exista un principio universal aplicado al Ecuador, que establece la necesidad de contar con una tarifa \u00fanica, esto incluye a la Amazon\u00eda\u201d, expres\u00f3.<\/p>\n<p>Por otro lado, explic\u00f3 que \u201csiendo v\u00e1lido impulsar el desarrollo de los GADs, a fin de atender diferentes necesidades, es indispensable reconocer que existe un marco legal vigente, es as\u00ed que la regulaci\u00f3n respectiva establece c\u00f3mo se van a asignar esos recursos econ\u00f3micos\u201d.<\/p>\n<p>Tambi\u00e9n coment\u00f3 que \u201ces importante promover la inversi\u00f3n privada, con alianzas estrat\u00e9gicas, la asociatividad p\u00fablico-privada para promover el desarrollo de nuevos proyectos de generaci\u00f3n y transmisi\u00f3n de energ\u00eda el\u00e9ctrica, como los proyectos Santiago, Cardenillo, la interconexi\u00f3n del Sistema Nacional Interconectado con el Sistema El\u00e9ctrico Petrolero\u201d.<\/p>\n<p>Finalmente, manifest\u00f3 que es importante que dentro de estos ajustes que analiza la Comisi\u00f3n de Desarrollo Econ\u00f3mico \u201cpudieran sincronizarse con iniciativas del Ejecutivo que van en la l\u00ednea de acuerdo a los decretos 238 y 239 para el desarrollo del sector el\u00e9ctrico\u201d.<\/p>\n<p>\u201cEs muy importante que la Asamblea Nacional pueda liderar el cambio normativo y las leyes que incentiven ahora y en un futuro cercano el uso intensivo de la energ\u00eda el\u00e9ctrica\u201d, concluy\u00f3 Gonzalo Uquillas Vallejo.<\/p>\n<p>F<\/p>\n<\/div>\n<p>\u00a0<\/p>\n","protected":false},"excerpt":{"rendered":"<p>\u00a0 \u00a0 \u00a0 El Gerente General de la Corporaci\u00f3n El\u00e9ctrica del Ecuador (CELEC EP), Gonzalo Uquillas Vallejo, particip\u00f3 en la sesi\u00f3n N\u00ba 64 de la Comisi\u00f3n de Desarrollo Econ\u00f3mico, Productivo y la Microempresa de la Asamblea Nacional, que tramita el proyecto de Ley Reformatoria a la Ley Org\u00e1nica del Servicio P\u00fablico de Energ\u00eda El\u00e9ctrica. Se [&hellip;]<\/p>\n","protected":false},"author":3,"featured_media":720,"comment_status":"open","ping_status":"open","sticky":false,"template":"","format":"standard","meta":{"_acf_changed":false,"_themeisle_gutenberg_block_has_review":false,"footnotes":""},"categories":[7],"tags":[],"class_list":["post-719","post","type-post","status-publish","format-standard","has-post-thumbnail","hentry","category-sala-de-prensa"],"acf":[],"_links":{"self":[{"href":"https:\/\/www.celec.gob.ec\/hidronacion\/wp-json\/wp\/v2\/posts\/719","targetHints":{"allow":["GET"]}}],"collection":[{"href":"https:\/\/www.celec.gob.ec\/hidronacion\/wp-json\/wp\/v2\/posts"}],"about":[{"href":"https:\/\/www.celec.gob.ec\/hidronacion\/wp-json\/wp\/v2\/types\/post"}],"author":[{"embeddable":true,"href":"https:\/\/www.celec.gob.ec\/hidronacion\/wp-json\/wp\/v2\/users\/3"}],"replies":[{"embeddable":true,"href":"https:\/\/www.celec.gob.ec\/hidronacion\/wp-json\/wp\/v2\/comments?post=719"}],"version-history":[{"count":0,"href":"https:\/\/www.celec.gob.ec\/hidronacion\/wp-json\/wp\/v2\/posts\/719\/revisions"}],"wp:featuredmedia":[{"embeddable":true,"href":"https:\/\/www.celec.gob.ec\/hidronacion\/wp-json\/wp\/v2\/media\/720"}],"wp:attachment":[{"href":"https:\/\/www.celec.gob.ec\/hidronacion\/wp-json\/wp\/v2\/media?parent=719"}],"wp:term":[{"taxonomy":"category","embeddable":true,"href":"https:\/\/www.celec.gob.ec\/hidronacion\/wp-json\/wp\/v2\/categories?post=719"},{"taxonomy":"post_tag","embeddable":true,"href":"https:\/\/www.celec.gob.ec\/hidronacion\/wp-json\/wp\/v2\/tags?post=719"}],"curies":[{"name":"wp","href":"https:\/\/api.w.org\/{rel}","templated":true}]}}