{"id":766,"date":"2021-11-29T16:46:34","date_gmt":"2021-11-29T16:46:34","guid":{"rendered":"https:\/\/www.celec.gob.ec\/hidronacion\/?p=502"},"modified":"2021-11-29T16:46:34","modified_gmt":"2021-11-29T16:46:34","slug":"celec-ep-expone-nuevos-proyectos-en-areas-de-generacion-y-transmision-de-energia-electrica-en-la-xxi-feria-oil-power","status":"publish","type":"post","link":"https:\/\/www.celec.gob.ec\/hidronacion\/sala-de-prensa\/celec-ep-expone-nuevos-proyectos-en-areas-de-generacion-y-transmision-de-energia-electrica-en-la-xxi-feria-oil-power\/","title":{"rendered":"CELEC EP expone nuevos proyectos en \u00e1reas de generaci\u00f3n y transmisi\u00f3n de energ\u00eda el\u00e9ctrica en la \u201cXXI Feria Oil &#038; Power\u201d"},"content":{"rendered":"<p>\u00a0<\/p>\n<p><img loading=\"lazy\" decoding=\"async\" class=\" size-full wp-image-501\" style=\"display: block; margin-left: auto; margin-right: auto;\" src=\"https:\/\/www.celec.gob.ec\/hidronacion\/wp-content\/uploads\/2021\/11\/XXI_Feria.jpg\" alt=\"\" width=\"1600\" height=\"1200\" \/><\/p>\n<p style=\"text-align: justify;\"><span style=\"font-family: arial, helvetica, sans-serif;\"><em>CELEC EP exhibe los trabajos para proteger la captaci\u00f3n de la central Coca Codo Sinclair y nuevos proyectos el\u00e9ctricos para desarrollo desde la iniciativa privada. <\/em><\/span><\/p>\n<p style=\"text-align: justify;\"><span style=\"font-family: arial, helvetica, sans-serif;\">La Corporaci\u00f3n El\u00e9ctrica del Ecuador (CELEC EP) expone los nuevos proyectos de generaci\u00f3n y transmisi\u00f3n de energ\u00eda el\u00e9ctrica en la \u201cXXI Feria Oil &amp; Power\u201d, que se realiza en el Centro de Convenciones Metropolitano de Quito, desde el mi\u00e9rcoles 24 al viernes 26 de noviembre de 2021.<\/span><\/p>\n<p style=\"text-align: justify;\"><span style=\"font-family: arial, helvetica, sans-serif;\">Entre los proyectos que la Corporaci\u00f3n presenta a los asistentes al evento se encuentran los nuevos proyectos que ejecuta, a trav\u00e9s de la Unidad de Negocio Transelectric, para reforzar el Sistema Nacional de Transmisi\u00f3n (SNT), que transporta la energ\u00eda el\u00e9ctrica desde las centrales de generaci\u00f3n hasta los centros de consumo. De igual forma, los nuevos sistemas de transmisi\u00f3n, as\u00ed como el mejoramiento y ampliaci\u00f3n de los sistemas existentes, se financian con dos cr\u00e9ditos del BID, por un monto total de USD 241 millones.<\/span><\/p>\n<p style=\"text-align: justify;\"><span style=\"font-family: arial, helvetica, sans-serif;\">Adem\u00e1s, se ense\u00f1an los nuevos proyectos que ser\u00e1n delegados a la iniciativa privada: Bloque de Energ\u00edas Renovales No Convencionales I (500 MW), Ciclo Combinado \u2013 Gas Natural (400 MW) y el Sistema de Transmisi\u00f3n Nororiental. Entre los proyectos de generaci\u00f3n que ser\u00e1n delegados para la inversi\u00f3n privada tambi\u00e9n se encuentran el hidroel\u00e9ctrico Cardenillo (596 MW) e Hidroel\u00e9ctrico Santiago (2.432 MW, en su primera fase), ubicados en la provincia de Morona Santiago.<\/span><\/p>\n<p style=\"text-align: justify;\"><span style=\"font-family: arial, helvetica, sans-serif;\">A su vez, los expositores de CELEC EP exhiben los avances del proyecto hidroel\u00e9ctrico Toachi Pilat\u00f3n, de 254,4 MW. Sarapullo, que es la primera central de 49MW, entrar\u00e1 en operaci\u00f3n comercial en las pr\u00f3ximas semanas. Al momento se realizan las pruebas el\u00e9ctricas.<\/span><\/p>\n<p style=\"text-align: justify;\"><span style=\"font-family: arial, helvetica, sans-serif;\"><strong>Acciones para proteger la captaci\u00f3n de la central Coca Codo Sinclair<\/strong><\/span><\/p>\n<p style=\"text-align: justify;\"><span style=\"font-family: arial, helvetica, sans-serif;\">Otro de los temas presentados por CELEC EP son los estudios cient\u00edficos, obras provisionales y otras acciones para proteger la captaci\u00f3n de agua de la central hidroel\u00e9ctrica Coca Codo Sinclair del proceso de erosi\u00f3n regresiva, fen\u00f3meno natural que se registra en el r\u00edo Coca. En este contexto, el ingeniero Roque Proa\u00f1o, director de la Comisi\u00f3n Ejecutora R\u00edo Coca de CELEC EP, brind\u00f3 la conferencia magistral \u201cEl desaf\u00edo de enfrentar la erosi\u00f3n regresiva en el r\u00edo Coca, un fen\u00f3meno natural \u00fanico en el mundo\u201d.<\/span><\/p>\n<p style=\"text-align: justify;\"><span style=\"font-family: arial, helvetica, sans-serif;\">All\u00ed, explic\u00f3 las labores realizadas para frenar la erosi\u00f3n en el r\u00edo Coca y proteger la captaci\u00f3n de agua de la central Coca Codo Sinclair. Durante 128 d\u00edas se encuentra detenida la erosi\u00f3n a 7.9 km de distancia la captaci\u00f3n de la central hidroel\u00e9ctrica Coca Codo Sinclair, inform\u00f3.<\/span><\/p>\n<p style=\"text-align: justify;\"><span style=\"font-family: arial, helvetica, sans-serif;\">Explic\u00f3 que la Comisi\u00f3n Ejecutora R\u00edo Coca creada por CELEC EP est\u00e1 encargada de construir obras provisionales para ralentizar el proceso erosivo. \u201cEl fen\u00f3meno es de inter\u00e9s mundial, USACE (Cuerpo de Ingenieros del Ej\u00e9rcito de Estados Unidos) tiene inter\u00e9s y van a construir un modelo f\u00edsico a escala, otras propuestas internacionales se han presentado desde Rusia, China y profesionales nacionales\u201d, agreg\u00f3.<\/span><\/p>\n<p style=\"text-align: justify;\"><span style=\"font-family: arial, helvetica, sans-serif;\">CELEC EP participa en este evento con el objetivo de aprovechar un espacio para que la ciudadan\u00eda conozca sobre los trabajos que desarrolla la Corporaci\u00f3n, as\u00ed como invitar al sector privado a invertir en el \u00e1mbito el\u00e9ctrico y las energ\u00edas renovables.<\/span><\/p>\n<p>\u00a0<\/p>\n","protected":false},"excerpt":{"rendered":"<p>\u00a0 CELEC EP exhibe los trabajos para proteger la captaci\u00f3n de la central Coca Codo Sinclair y nuevos proyectos el\u00e9ctricos para desarrollo desde la iniciativa privada. La Corporaci\u00f3n El\u00e9ctrica del Ecuador (CELEC EP) expone los nuevos proyectos de generaci\u00f3n y transmisi\u00f3n de energ\u00eda el\u00e9ctrica en la \u201cXXI Feria Oil &amp; Power\u201d, que se realiza en [&hellip;]<\/p>\n","protected":false},"author":3,"featured_media":767,"comment_status":"open","ping_status":"open","sticky":false,"template":"","format":"standard","meta":{"_acf_changed":false,"_themeisle_gutenberg_block_has_review":false,"footnotes":""},"categories":[7],"tags":[],"class_list":["post-766","post","type-post","status-publish","format-standard","has-post-thumbnail","hentry","category-sala-de-prensa"],"acf":[],"_links":{"self":[{"href":"https:\/\/www.celec.gob.ec\/hidronacion\/wp-json\/wp\/v2\/posts\/766","targetHints":{"allow":["GET"]}}],"collection":[{"href":"https:\/\/www.celec.gob.ec\/hidronacion\/wp-json\/wp\/v2\/posts"}],"about":[{"href":"https:\/\/www.celec.gob.ec\/hidronacion\/wp-json\/wp\/v2\/types\/post"}],"author":[{"embeddable":true,"href":"https:\/\/www.celec.gob.ec\/hidronacion\/wp-json\/wp\/v2\/users\/3"}],"replies":[{"embeddable":true,"href":"https:\/\/www.celec.gob.ec\/hidronacion\/wp-json\/wp\/v2\/comments?post=766"}],"version-history":[{"count":0,"href":"https:\/\/www.celec.gob.ec\/hidronacion\/wp-json\/wp\/v2\/posts\/766\/revisions"}],"wp:featuredmedia":[{"embeddable":true,"href":"https:\/\/www.celec.gob.ec\/hidronacion\/wp-json\/wp\/v2\/media\/767"}],"wp:attachment":[{"href":"https:\/\/www.celec.gob.ec\/hidronacion\/wp-json\/wp\/v2\/media?parent=766"}],"wp:term":[{"taxonomy":"category","embeddable":true,"href":"https:\/\/www.celec.gob.ec\/hidronacion\/wp-json\/wp\/v2\/categories?post=766"},{"taxonomy":"post_tag","embeddable":true,"href":"https:\/\/www.celec.gob.ec\/hidronacion\/wp-json\/wp\/v2\/tags?post=766"}],"curies":[{"name":"wp","href":"https:\/\/api.w.org\/{rel}","templated":true}]}}