{"id":1814,"date":"2026-08-21T19:05:08","date_gmt":"2026-08-21T19:05:08","guid":{"rendered":"https:\/\/www.celec.gob.ec\/termoesmeraldas\/?p=1814"},"modified":"2026-08-21T19:32:13","modified_gmt":"2026-08-21T19:32:13","slug":"invitacion-a-convocatoria-publica","status":"publish","type":"post","link":"https:\/\/www.celec.gob.ec\/termoesmeraldas\/2026\/08\/21\/invitacion-a-convocatoria-publica\/","title":{"rendered":"INVITACI\u00d3N A CONVOCATORIA P\u00daBLICA"},"content":{"rendered":"\n<p class=\"wp-block-paragraph\"><\/p>\n\n\n\n<h1 class=\"wp-block-heading\"><\/h1>\n\n\n\n<p class=\"wp-block-paragraph\">En concordancia del <strong><em>art.<\/em><\/strong> <strong><em>C2.1 &#8211; Consultas preliminares al mercado<\/em><\/strong> del Reglamento a la Ley Org\u00e1nica del Sistema Nacional de Contrataci\u00f3n P\u00fablica., donde se establece:<\/p>\n\n\n\n<p class=\"wp-block-paragraph\">\u201c\u2026Las consultas preliminares al mercado tendr\u00e1n por objeto optimizar la definici\u00f3n de las especificaciones t\u00e9cnicas o t\u00e9rminos de referencia; identificar soluciones t\u00e9cnicas o pr\u00e1cticas disponibles; obtener informaci\u00f3n sobre la realidad del mercado; estructurar el presupuesto referencial; realizar el an\u00e1lisis preliminar del mejor valor por dinero; definir la estrategia de contrataci\u00f3n; promover la concurrencia; e identificar los riesgos asociados a la contrataci\u00f3n p\u00fablica, especialmente en procedimientos in\u00e9ditos, de alta complejidad o que impliquen el uso de tecnolog\u00edas avanzadas. Los documentos preparatorios del procedimiento de contrataci\u00f3n se adecuar\u00e1n conforme los resultados obtenidos en las consultas efectuadas (\u2026)\u201d<\/p>\n\n\n\n<p class=\"wp-block-paragraph\">Y considerando que, la CELEC EP a trav\u00e9s de la Unidad de Negocio Termoesmeraldas, se encuentran en el desarrollo y construcci\u00f3n de un proyecto de generaci\u00f3n termoel\u00e9ctrica de 200 MW, por medio de la presente, se procede a INVITAR a participar de las MESAS T\u00c9CNICAS a realizarse en la ciudad de Quito, los d\u00edas mi\u00e9rcoles 26 y lunes 31 de agosto en las instalaciones de la Central T\u00e9rmica Guangopolo de la Unidad de Negocio Termopichincha, en el horario de 9 a 15 horas., para tal efecto, la informaci\u00f3n conceptual del proyecto podr\u00e1 ser visualizada en el siguiente enlace:<\/p>\n\n\n\n<p class=\"wp-block-paragraph\"><a href=\"https:\/\/celecgob-my.sharepoint.com\/:x:\/g\/personal\/jorge_pavon_celec_gob_ec\/IQAhtkpTRfgDRbNdJAx2HQHKAZfqjXNBdWQfJPXcUAjFRRE?e=w6t21q\" data-type=\"link\" data-id=\"https:\/\/celecgob-my.sharepoint.com\/:x:\/g\/personal\/jorge_pavon_celec_gob_ec\/IQAhtkpTRfgDRbNdJAx2HQHKAZfqjXNBdWQfJPXcUAjFRRE?e=w6t21q\">MATRIZ DE CONCEPTO DE PROYECTO &#8211; ESMERALDAS IV<\/a><\/p>\n\n\n\n<p class=\"wp-block-paragraph\"><a href=\"https:\/\/www.celec.gob.ec\/termoesmeraldas\/wp-content\/uploads\/2026\/08\/INVITACION-PROYECTO-ESMERALDAS-IV-signed.pdf\" data-type=\"link\" data-id=\"https:\/\/www.celec.gob.ec\/termoesmeraldas\/wp-content\/uploads\/2026\/08\/INVITACION-PROYECTO-ESMERALDAS-IV-signed.pdf\">INVITACI\u00d3N A CONVOCATORIA<\/a><\/p>\n\n\n\n<p class=\"wp-block-paragraph\"><\/p>\n","protected":false},"excerpt":{"rendered":"<p>En concordancia del art. C2.1 &#8211; Consultas preliminares al mercado del Reglamento a la Ley Org\u00e1nica del Sistema Nacional de Contrataci\u00f3n P\u00fablica., donde se establece: \u201c\u2026Las consultas preliminares al mercado tendr\u00e1n por objeto optimizar la definici\u00f3n de las especificaciones t\u00e9cnicas o t\u00e9rminos de referencia; identificar soluciones t\u00e9cnicas o pr\u00e1cticas disponibles; obtener informaci\u00f3n sobre la realidad [&hellip;]<\/p>\n","protected":false},"author":6,"featured_media":0,"comment_status":"open","ping_status":"open","sticky":false,"template":"","format":"standard","meta":{"_acf_changed":false,"inline_featured_image":false,"_themeisle_gutenberg_block_has_review":false,"footnotes":"","_links_to":"","_links_to_target":""},"categories":[1],"tags":[],"class_list":["post-1814","post","type-post","status-publish","format-standard","hentry","category-uncategorized"],"acf":[],"_links":{"self":[{"href":"https:\/\/www.celec.gob.ec\/termoesmeraldas\/wp-json\/wp\/v2\/posts\/1814","targetHints":{"allow":["GET"]}}],"collection":[{"href":"https:\/\/www.celec.gob.ec\/termoesmeraldas\/wp-json\/wp\/v2\/posts"}],"about":[{"href":"https:\/\/www.celec.gob.ec\/termoesmeraldas\/wp-json\/wp\/v2\/types\/post"}],"author":[{"embeddable":true,"href":"https:\/\/www.celec.gob.ec\/termoesmeraldas\/wp-json\/wp\/v2\/users\/6"}],"replies":[{"embeddable":true,"href":"https:\/\/www.celec.gob.ec\/termoesmeraldas\/wp-json\/wp\/v2\/comments?post=1814"}],"version-history":[{"count":5,"href":"https:\/\/www.celec.gob.ec\/termoesmeraldas\/wp-json\/wp\/v2\/posts\/1814\/revisions"}],"predecessor-version":[{"id":1824,"href":"https:\/\/www.celec.gob.ec\/termoesmeraldas\/wp-json\/wp\/v2\/posts\/1814\/revisions\/1824"}],"wp:attachment":[{"href":"https:\/\/www.celec.gob.ec\/termoesmeraldas\/wp-json\/wp\/v2\/media?parent=1814"}],"wp:term":[{"taxonomy":"category","embeddable":true,"href":"https:\/\/www.celec.gob.ec\/termoesmeraldas\/wp-json\/wp\/v2\/categories?post=1814"},{"taxonomy":"post_tag","embeddable":true,"href":"https:\/\/www.celec.gob.ec\/termoesmeraldas\/wp-json\/wp\/v2\/tags?post=1814"}],"curies":[{"name":"wp","href":"https:\/\/api.w.org\/{rel}","templated":true}]}}