{"id":1836,"date":"2026-08-24T15:39:25","date_gmt":"2026-08-24T15:39:25","guid":{"rendered":"https:\/\/www.celec.gob.ec\/termoesmeraldas\/?p=1836"},"modified":"2026-08-24T15:39:25","modified_gmt":"2026-08-24T15:39:25","slug":"celec-ep-termoesmeraldas-fortalece-una-cultura-ambiental-en-los-estudiantes-de-su-zona-de-influencia","status":"publish","type":"post","link":"https:\/\/www.celec.gob.ec\/termoesmeraldas\/2026\/08\/24\/celec-ep-termoesmeraldas-fortalece-una-cultura-ambiental-en-los-estudiantes-de-su-zona-de-influencia\/","title":{"rendered":"CELEC EP Termoesmeraldas fortalece una cultura ambiental en los estudiantes de su zona de influencia"},"content":{"rendered":"\n<figure class=\"wp-block-gallery has-nested-images columns-default is-cropped wp-block-gallery-1 is-layout-flex wp-block-gallery-is-layout-flex\">\n<figure class=\"wp-block-image size-large\"><img loading=\"lazy\" decoding=\"async\" width=\"1024\" height=\"690\" data-id=\"1840\" src=\"https:\/\/www.celec.gob.ec\/termoesmeraldas\/wp-content\/uploads\/2026\/08\/fotoarboles-1024x690.jpg\" alt=\"\" class=\"wp-image-1840\" srcset=\"https:\/\/www.celec.gob.ec\/termoesmeraldas\/wp-content\/uploads\/2026\/08\/fotoarboles-1024x690.jpg 1024w, https:\/\/www.celec.gob.ec\/termoesmeraldas\/wp-content\/uploads\/2026\/08\/fotoarboles-300x202.jpg 300w, https:\/\/www.celec.gob.ec\/termoesmeraldas\/wp-content\/uploads\/2026\/08\/fotoarboles-768x518.jpg 768w, https:\/\/www.celec.gob.ec\/termoesmeraldas\/wp-content\/uploads\/2026\/08\/fotoarboles-1536x1035.jpg 1536w, https:\/\/www.celec.gob.ec\/termoesmeraldas\/wp-content\/uploads\/2026\/08\/fotoarboles.jpg 1899w\" sizes=\"auto, (max-width: 1024px) 100vw, 1024px\" \/><\/figure>\n<\/figure>\n\n\n\n<p class=\"wp-block-paragraph\"><\/p>\n\n\n\n<p class=\"wp-block-paragraph\">Con el objetivo de crear una cultura ambiental en los adolescentes, tener sinergia&nbsp; de conciencia ecolog\u00eda con su comunidad e incrementar su deseo por vivir en un entorna ambientalmente saludable, la Corporaci\u00f3n El\u00e9ctrica del Ecuador (CELEC EP), a trav\u00e9s de la Unidad de Negocio Termoesmeraldas, realiza charlas educativas en los planteles escolares ubicados en su zona de influencia.<\/p>\n\n\n\n<p class=\"wp-block-paragraph\">Las primeras unidades educativas que forman parte de este proyecto son: 15 de Marzo, 5 de Agosto, Edilfo Bennett, Fausto Molina, Alfonso Qui\u00f1ones George y Carlos Concha, Jaime Hurtado, que suman aproximadamente 5. 000 estudiantes.<\/p>\n\n\n\n<p class=\"wp-block-paragraph\">Con charla y cuentos dirigidos a ni\u00f1os y adolescentes se despierta su conciencia cr\u00edtica para entender el impacto de las acciones humanas en la naturaleza, el respeto por la vida y la responsabilidad social. Tambi\u00e9n se promueven&nbsp; acciones como: el reciclaje y ahorro de recursos, pero sobre todo el empoderamiento de la juventud para liderar cambios en sus colegios, hogares y barrios.<\/p>\n\n\n\n<p class=\"wp-block-paragraph\">En cada plantel se establecer\u00e1n puntos de reciclaje de botellas y envases pl\u00e1sticos. El \u00c1rea de Gesti\u00f3n Ambiental de Termoesmeraldas &#8211; cada mes &#8211; se encargar\u00e1 del pesaje y coordinaci\u00f3n en transporte y comercializaci\u00f3n. Al finalizar el a\u00f1o lectivo se premiar\u00e1 a los planteles que obtengan el mayor volumen de productos reciclados.<\/p>\n\n\n\n<p class=\"wp-block-paragraph\"><\/p>\n\n\n\n<p class=\"wp-block-paragraph\">La acci\u00f3n se complementa con tareas experienciales, como la reforestaci\u00f3n de \u00e1reas verdes y ornamentaci\u00f3n de jardines, huertos escolares y limpieza del entorno. En la semana del 17 al 21 de agosto, el proyecto ambiental de Termoesmeraldas, se present\u00f3 en las Unidades Educativas, 15 de Marzo y 5 de Agosto, con la participaci\u00f3n de 250 estudiantes. Las charlas continuar\u00e1n en los otros planteles, en los pr\u00f3ximos d\u00edas.<\/p>\n\n\n\n<figure class=\"wp-block-image size-large\"><img loading=\"lazy\" decoding=\"async\" width=\"1024\" height=\"690\" src=\"https:\/\/www.celec.gob.ec\/termoesmeraldas\/wp-content\/uploads\/2026\/08\/fotocharlass-1024x690.jpg\" alt=\"\" class=\"wp-image-1841\" srcset=\"https:\/\/www.celec.gob.ec\/termoesmeraldas\/wp-content\/uploads\/2026\/08\/fotocharlass-1024x690.jpg 1024w, https:\/\/www.celec.gob.ec\/termoesmeraldas\/wp-content\/uploads\/2026\/08\/fotocharlass-300x202.jpg 300w, https:\/\/www.celec.gob.ec\/termoesmeraldas\/wp-content\/uploads\/2026\/08\/fotocharlass-768x518.jpg 768w, https:\/\/www.celec.gob.ec\/termoesmeraldas\/wp-content\/uploads\/2026\/08\/fotocharlass-1536x1035.jpg 1536w, https:\/\/www.celec.gob.ec\/termoesmeraldas\/wp-content\/uploads\/2026\/08\/fotocharlass.jpg 1899w\" sizes=\"auto, (max-width: 1024px) 100vw, 1024px\" \/><\/figure>\n","protected":false},"excerpt":{"rendered":"<p>Con el objetivo de crear una cultura ambiental en los adolescentes, tener sinergia&nbsp; de conciencia ecolog\u00eda con su comunidad e incrementar su deseo por vivir en un entorna ambientalmente saludable, la Corporaci\u00f3n El\u00e9ctrica del Ecuador (CELEC EP), a trav\u00e9s de la Unidad de Negocio Termoesmeraldas, realiza charlas educativas en los planteles escolares ubicados en su [&hellip;]<\/p>\n","protected":false},"author":6,"featured_media":0,"comment_status":"open","ping_status":"open","sticky":false,"template":"","format":"standard","meta":{"_acf_changed":false,"inline_featured_image":false,"_themeisle_gutenberg_block_has_review":false,"footnotes":"","_links_to":"","_links_to_target":""},"categories":[1],"tags":[],"class_list":["post-1836","post","type-post","status-publish","format-standard","hentry","category-uncategorized"],"acf":[],"_links":{"self":[{"href":"https:\/\/www.celec.gob.ec\/termoesmeraldas\/wp-json\/wp\/v2\/posts\/1836","targetHints":{"allow":["GET"]}}],"collection":[{"href":"https:\/\/www.celec.gob.ec\/termoesmeraldas\/wp-json\/wp\/v2\/posts"}],"about":[{"href":"https:\/\/www.celec.gob.ec\/termoesmeraldas\/wp-json\/wp\/v2\/types\/post"}],"author":[{"embeddable":true,"href":"https:\/\/www.celec.gob.ec\/termoesmeraldas\/wp-json\/wp\/v2\/users\/6"}],"replies":[{"embeddable":true,"href":"https:\/\/www.celec.gob.ec\/termoesmeraldas\/wp-json\/wp\/v2\/comments?post=1836"}],"version-history":[{"count":1,"href":"https:\/\/www.celec.gob.ec\/termoesmeraldas\/wp-json\/wp\/v2\/posts\/1836\/revisions"}],"predecessor-version":[{"id":1842,"href":"https:\/\/www.celec.gob.ec\/termoesmeraldas\/wp-json\/wp\/v2\/posts\/1836\/revisions\/1842"}],"wp:attachment":[{"href":"https:\/\/www.celec.gob.ec\/termoesmeraldas\/wp-json\/wp\/v2\/media?parent=1836"}],"wp:term":[{"taxonomy":"category","embeddable":true,"href":"https:\/\/www.celec.gob.ec\/termoesmeraldas\/wp-json\/wp\/v2\/categories?post=1836"},{"taxonomy":"post_tag","embeddable":true,"href":"https:\/\/www.celec.gob.ec\/termoesmeraldas\/wp-json\/wp\/v2\/tags?post=1836"}],"curies":[{"name":"wp","href":"https:\/\/api.w.org\/{rel}","templated":true}]}}