{"id":1053,"date":"2025-04-16T21:29:33","date_gmt":"2025-04-16T21:29:33","guid":{"rendered":"https:\/\/www.celec.gob.ec\/termomanabi\/?p=1053"},"modified":"2025-04-16T21:29:33","modified_gmt":"2025-04-16T21:29:33","slug":"la-unidad-17-en-la-central-termica-jaramijo-esta-en-operacion-comercial","status":"publish","type":"post","link":"https:\/\/www.celec.gob.ec\/termomanabi\/noticias\/la-unidad-17-en-la-central-termica-jaramijo-esta-en-operacion-comercial\/","title":{"rendered":"La unidad 17 en la Central T\u00e9rmica Jaramij\u00f3 est\u00e1 en operaci\u00f3n comercial"},"content":{"rendered":"\n<figure class=\"wp-block-image size-large\"><img loading=\"lazy\" decoding=\"async\" width=\"1024\" height=\"768\" src=\"https:\/\/www.celec.gob.ec\/termomanabi\/wp-content\/uploads\/2025\/04\/Unidad-17-3-1024x768.jpeg\" alt=\"\" class=\"wp-image-1054\" srcset=\"https:\/\/www.celec.gob.ec\/termomanabi\/wp-content\/uploads\/2025\/04\/Unidad-17-3-1024x768.jpeg 1024w, https:\/\/www.celec.gob.ec\/termomanabi\/wp-content\/uploads\/2025\/04\/Unidad-17-3-300x225.jpeg 300w, https:\/\/www.celec.gob.ec\/termomanabi\/wp-content\/uploads\/2025\/04\/Unidad-17-3-768x576.jpeg 768w, https:\/\/www.celec.gob.ec\/termomanabi\/wp-content\/uploads\/2025\/04\/Unidad-17-3-1536x1152.jpeg 1536w, https:\/\/www.celec.gob.ec\/termomanabi\/wp-content\/uploads\/2025\/04\/Unidad-17-3-2048x1536.jpeg 2048w\" sizes=\"auto, (max-width: 1024px) 100vw, 1024px\" \/><\/figure>\n\n\n\n<p>T\u00e9cnicos de CELEC EP Termomanab\u00ed cumplen con actividades de prueba en el motor 17.<\/p>\n\n\n\n<p>El Gobierno Nacional, a trav\u00e9s de la Corporaci\u00f3n El\u00e9ctrica de Ecuador \u2013 CELEC EP, Unidad de Negocio Termomanab\u00ed, culmin\u00f3 los trabajos de mantenimiento correctivo de la unidad de generaci\u00f3n Nro. 17 de la Central T\u00e9rmica Jaramij\u00f3, que suma una potencia instalada de 149 MW (megavatios).<\/p>\n\n\n\n<p>Rodrigo Choez, jefe de mantenimiento, explic\u00f3 que estos trabajos corresponden a la rehabilitaci\u00f3n de la unidad 17, que present\u00f3 un da\u00f1o en el generador, lo que ocasion\u00f3 su indisponibilidad. Con los trabajos ejecutados, y una vez que se han realizado todas las pruebas, el equipamiento est\u00e1 disponible con 7,16 MW para el Sistema Nacional Interconectado.<\/p>\n\n\n\n<p>El Gobierno del Nuevo Ecuador, a trav\u00e9s de CELEC EP est\u00e1 enfocado en el cumplimiento de los proyectos que busquen conservar y mejorar el rendimiento de las unidades de generaci\u00f3n.<\/p>\n","protected":false},"excerpt":{"rendered":"<p>T\u00e9cnicos de CELEC EP Termomanab\u00ed cumplen con actividades de prueba en el motor 17. El Gobierno Nacional, a trav\u00e9s de la Corporaci\u00f3n El\u00e9ctrica de Ecuador \u2013 CELEC EP, Unidad de Negocio Termomanab\u00ed, culmin\u00f3 los trabajos de mantenimiento correctivo de la unidad de generaci\u00f3n Nro. 17 de la Central T\u00e9rmica Jaramij\u00f3, que suma una potencia instalada [&hellip;]<\/p>\n","protected":false},"author":2,"featured_media":1054,"comment_status":"open","ping_status":"open","sticky":false,"template":"","format":"standard","meta":{"_acf_changed":false,"inline_featured_image":false,"_themeisle_gutenberg_block_has_review":false,"footnotes":""},"categories":[7],"tags":[],"class_list":["post-1053","post","type-post","status-publish","format-standard","has-post-thumbnail","hentry","category-noticias"],"acf":[],"_links":{"self":[{"href":"https:\/\/www.celec.gob.ec\/termomanabi\/wp-json\/wp\/v2\/posts\/1053","targetHints":{"allow":["GET"]}}],"collection":[{"href":"https:\/\/www.celec.gob.ec\/termomanabi\/wp-json\/wp\/v2\/posts"}],"about":[{"href":"https:\/\/www.celec.gob.ec\/termomanabi\/wp-json\/wp\/v2\/types\/post"}],"author":[{"embeddable":true,"href":"https:\/\/www.celec.gob.ec\/termomanabi\/wp-json\/wp\/v2\/users\/2"}],"replies":[{"embeddable":true,"href":"https:\/\/www.celec.gob.ec\/termomanabi\/wp-json\/wp\/v2\/comments?post=1053"}],"version-history":[{"count":1,"href":"https:\/\/www.celec.gob.ec\/termomanabi\/wp-json\/wp\/v2\/posts\/1053\/revisions"}],"predecessor-version":[{"id":1055,"href":"https:\/\/www.celec.gob.ec\/termomanabi\/wp-json\/wp\/v2\/posts\/1053\/revisions\/1055"}],"wp:featuredmedia":[{"embeddable":true,"href":"https:\/\/www.celec.gob.ec\/termomanabi\/wp-json\/wp\/v2\/media\/1054"}],"wp:attachment":[{"href":"https:\/\/www.celec.gob.ec\/termomanabi\/wp-json\/wp\/v2\/media?parent=1053"}],"wp:term":[{"taxonomy":"category","embeddable":true,"href":"https:\/\/www.celec.gob.ec\/termomanabi\/wp-json\/wp\/v2\/categories?post=1053"},{"taxonomy":"post_tag","embeddable":true,"href":"https:\/\/www.celec.gob.ec\/termomanabi\/wp-json\/wp\/v2\/tags?post=1053"}],"curies":[{"name":"wp","href":"https:\/\/api.w.org\/{rel}","templated":true}]}}