{"id":1132,"date":"2025-07-08T21:45:42","date_gmt":"2025-07-08T21:45:42","guid":{"rendered":"https:\/\/www.celec.gob.ec\/termomanabi\/?p=1132"},"modified":"2025-07-08T21:45:44","modified_gmt":"2025-07-08T21:45:44","slug":"culmino-el-mantenimiento-mayor-preventivo-de-las-unidades-de-generacion-en-la-central-manta-ii","status":"publish","type":"post","link":"https:\/\/www.celec.gob.ec\/termomanabi\/noticias\/culmino-el-mantenimiento-mayor-preventivo-de-las-unidades-de-generacion-en-la-central-manta-ii\/","title":{"rendered":"Culmin\u00f3 el mantenimiento mayor preventivo de las unidades de generaci\u00f3n en la Central Manta II"},"content":{"rendered":"\n<div class=\"wp-block-cover\"><img decoding=\"async\" class=\"wp-block-cover__image-background\" alt=\"La imagen actual no tiene texto alternativo. El nombre del archivo es: Unidad-6-Manta-II-1.jpeg\" src=\"https:\/\/www.celec.gob.ec\/termomanabi\/wp-content\/uploads\/2025\/07\/Unidad-6-Manta-II-1-1024x576.jpeg\" data-object-fit=\"cover\"\/><span aria-hidden=\"true\" class=\"wp-block-cover__background has-background-dim\"><\/span><div class=\"wp-block-cover__inner-container is-layout-flow wp-block-cover-is-layout-flow\">\n<p class=\"has-text-align-center has-large-font-size\"><\/p>\n<\/div><\/div>\n\n\n\n<p>Los t\u00e9cnicos durante la intervenci\u00f3n en el generador el\u00e9ctrico<\/p>\n\n\n\n<p>La Corporaci\u00f3n El\u00e9ctrica del Ecuador \u2013 CELEC EP, a trav\u00e9s de la Unidad de Negocio Termomanab\u00ed, culmin\u00f3 el mantenimiento mayor programado de la Central T\u00e9rmica Manta II. &nbsp;La intervenci\u00f3n en cada una de las &nbsp;12 unidades de generaci\u00f3n se inici\u00f3 desde &nbsp;diciembre de 2024 y se realiz\u00f3 de forma&nbsp; paulatina.<\/p>\n\n\n\n<p>Con la puesta en operaci\u00f3n de la unidad nro. 6 se dio por concluido el cronograma de mantenimientos &nbsp;de dicha central y se report\u00f3 su disponibilidad ante el Operador Nacional de Electricidad &#8211; CENACE.<\/p>\n\n\n\n<p>Alan Tenorio, administrador, explic\u00f3 que estos trabajos se realizaron con la finalidad de dar cumplimiento al plan anual de mantenimientos preventivos, lo que permite mantener la funcionalidad, disponibilidad y confiabilidad de los equipos, con el objetivo de conservar su buen estado, con lo que se fortalece el Sistema Nacional Interconectado \u2013 SNI.<\/p>\n\n\n\n<p>De esta manera, &nbsp;el Gobierno Nacional, a trav\u00e9s de CELEC EP, cumple con los mantenimientos t\u00e9cnicos programados, que permiten mantener la disponibilidad de estos equipos para solventar el servicio de generaci\u00f3n el\u00e9ctrica para los ecuatorianos.<\/p>\n","protected":false},"excerpt":{"rendered":"<p>Los t\u00e9cnicos durante la intervenci\u00f3n en el generador el\u00e9ctrico La Corporaci\u00f3n El\u00e9ctrica del Ecuador \u2013 CELEC EP, a trav\u00e9s de la Unidad de Negocio Termomanab\u00ed, culmin\u00f3 el mantenimiento mayor programado de la Central T\u00e9rmica Manta II. &nbsp;La intervenci\u00f3n en cada una de las &nbsp;12 unidades de generaci\u00f3n se inici\u00f3 desde &nbsp;diciembre de 2024 y se [&hellip;]<\/p>\n","protected":false},"author":2,"featured_media":1133,"comment_status":"open","ping_status":"open","sticky":false,"template":"","format":"standard","meta":{"_acf_changed":false,"inline_featured_image":false,"_themeisle_gutenberg_block_has_review":false,"footnotes":""},"categories":[7],"tags":[],"class_list":["post-1132","post","type-post","status-publish","format-standard","has-post-thumbnail","hentry","category-noticias"],"acf":[],"_links":{"self":[{"href":"https:\/\/www.celec.gob.ec\/termomanabi\/wp-json\/wp\/v2\/posts\/1132","targetHints":{"allow":["GET"]}}],"collection":[{"href":"https:\/\/www.celec.gob.ec\/termomanabi\/wp-json\/wp\/v2\/posts"}],"about":[{"href":"https:\/\/www.celec.gob.ec\/termomanabi\/wp-json\/wp\/v2\/types\/post"}],"author":[{"embeddable":true,"href":"https:\/\/www.celec.gob.ec\/termomanabi\/wp-json\/wp\/v2\/users\/2"}],"replies":[{"embeddable":true,"href":"https:\/\/www.celec.gob.ec\/termomanabi\/wp-json\/wp\/v2\/comments?post=1132"}],"version-history":[{"count":1,"href":"https:\/\/www.celec.gob.ec\/termomanabi\/wp-json\/wp\/v2\/posts\/1132\/revisions"}],"predecessor-version":[{"id":1134,"href":"https:\/\/www.celec.gob.ec\/termomanabi\/wp-json\/wp\/v2\/posts\/1132\/revisions\/1134"}],"wp:featuredmedia":[{"embeddable":true,"href":"https:\/\/www.celec.gob.ec\/termomanabi\/wp-json\/wp\/v2\/media\/1133"}],"wp:attachment":[{"href":"https:\/\/www.celec.gob.ec\/termomanabi\/wp-json\/wp\/v2\/media?parent=1132"}],"wp:term":[{"taxonomy":"category","embeddable":true,"href":"https:\/\/www.celec.gob.ec\/termomanabi\/wp-json\/wp\/v2\/categories?post=1132"},{"taxonomy":"post_tag","embeddable":true,"href":"https:\/\/www.celec.gob.ec\/termomanabi\/wp-json\/wp\/v2\/tags?post=1132"}],"curies":[{"name":"wp","href":"https:\/\/api.w.org\/{rel}","templated":true}]}}