{"id":1141,"date":"2025-08-28T14:28:43","date_gmt":"2025-08-28T14:28:43","guid":{"rendered":"https:\/\/www.celec.gob.ec\/termomanabi\/?p=1141"},"modified":"2025-08-28T14:28:44","modified_gmt":"2025-08-28T14:28:44","slug":"despues-de-9-anos-el-gobierno-nacional-recupera-585-mw-en-la-central-termica-miraflores","status":"publish","type":"post","link":"https:\/\/www.celec.gob.ec\/termomanabi\/noticias\/despues-de-9-anos-el-gobierno-nacional-recupera-585-mw-en-la-central-termica-miraflores\/","title":{"rendered":"Despu\u00e9s de 9 a\u00f1os, el Gobierno Nacional recupera 5,85 MW en la Central T\u00e9rmica Miraflores"},"content":{"rendered":"\n<figure class=\"wp-block-image size-large\"><img loading=\"lazy\" decoding=\"async\" width=\"1024\" height=\"771\" src=\"https:\/\/www.celec.gob.ec\/termomanabi\/wp-content\/uploads\/2025\/08\/t2-1024x771.jpeg\" alt=\"\" class=\"wp-image-1143\" srcset=\"https:\/\/www.celec.gob.ec\/termomanabi\/wp-content\/uploads\/2025\/08\/t2-1024x771.jpeg 1024w, https:\/\/www.celec.gob.ec\/termomanabi\/wp-content\/uploads\/2025\/08\/t2-300x226.jpeg 300w, https:\/\/www.celec.gob.ec\/termomanabi\/wp-content\/uploads\/2025\/08\/t2-768x578.jpeg 768w, https:\/\/www.celec.gob.ec\/termomanabi\/wp-content\/uploads\/2025\/08\/t2.jpeg 1280w\" sizes=\"auto, (max-width: 1024px) 100vw, 1024px\" \/><figcaption class=\"wp-element-caption\">T\u00e9cnicos revisan proceso de desmontaje en casa de m\u00e1quinas.<\/figcaption><\/figure>\n\n\n\n<p>Despu\u00e9s de nueve a\u00f1os de paralizaci\u00f3n, el Gobierno Nacional logr\u00f3 recuperar la Unidad 12 de la Central T\u00e9rmica Miraflores, que sufri\u00f3 da\u00f1os internos y &nbsp;motivaron su salida de operaci\u00f3n en 2016.<\/p>\n\n\n\n<p>Esta unidad es parte del programa de recuperaci\u00f3n de las centrales termoel\u00e9ctricas, que desarrolla el Gobierno del Nuevo Ecuador, a trav\u00e9s de la Corporaci\u00f3n El\u00e9ctrica a del Ecuador \u2013CELEC EP con el objetivo de poner en operaci\u00f3n su parque t\u00e9rmico que estuvo fuera de servicio por la inacci\u00f3n de los gobiernos del pasado.<\/p>\n\n\n\n<p>De este plan tambi\u00e9n fue parte la unidad 14 de la misma central, que hace dos a\u00f1os sufri\u00f3 afectaciones debido a los a\u00f1os de operaci\u00f3n. &nbsp;Los dos motores suman 5.85 megavatios (MW) de potencia que ya se reincorporaron al sistema el\u00e9ctrico nacional.<\/p>\n\n\n\n<p>Los trabajos empezaron en septiembre del 2024 e incluyeron las siguientes actividades: desmontaje, limpieza, revisi\u00f3n, cambios de piezas, montaje, revisi\u00f3n de varios sistemas, pruebas, entre otras actividades. Despu\u00e9s de largas jornadas, la unidad 14 fue declarada disponible el 23 de julio y la unidad 12 este 15 de agosto.<\/p>\n\n\n\n<p>El Gobierno del Nuevo Ecuador reafirma su compromiso con el pa\u00eds, a trav\u00e9s del fortalecimiento del sector el\u00e9ctrico, fomentando as\u00ed el desarrollo y la productividad nacional.<\/p>\n","protected":false},"excerpt":{"rendered":"<p>Despu\u00e9s de nueve a\u00f1os de paralizaci\u00f3n, el Gobierno Nacional logr\u00f3 recuperar la Unidad 12 de la Central T\u00e9rmica Miraflores, que sufri\u00f3 da\u00f1os internos y &nbsp;motivaron su salida de operaci\u00f3n en 2016. Esta unidad es parte del programa de recuperaci\u00f3n de las centrales termoel\u00e9ctricas, que desarrolla el Gobierno del Nuevo Ecuador, a trav\u00e9s de la Corporaci\u00f3n [&hellip;]<\/p>\n","protected":false},"author":2,"featured_media":1143,"comment_status":"open","ping_status":"open","sticky":false,"template":"","format":"standard","meta":{"_acf_changed":false,"inline_featured_image":false,"_themeisle_gutenberg_block_has_review":false,"footnotes":""},"categories":[7],"tags":[],"class_list":["post-1141","post","type-post","status-publish","format-standard","has-post-thumbnail","hentry","category-noticias"],"acf":[],"_links":{"self":[{"href":"https:\/\/www.celec.gob.ec\/termomanabi\/wp-json\/wp\/v2\/posts\/1141","targetHints":{"allow":["GET"]}}],"collection":[{"href":"https:\/\/www.celec.gob.ec\/termomanabi\/wp-json\/wp\/v2\/posts"}],"about":[{"href":"https:\/\/www.celec.gob.ec\/termomanabi\/wp-json\/wp\/v2\/types\/post"}],"author":[{"embeddable":true,"href":"https:\/\/www.celec.gob.ec\/termomanabi\/wp-json\/wp\/v2\/users\/2"}],"replies":[{"embeddable":true,"href":"https:\/\/www.celec.gob.ec\/termomanabi\/wp-json\/wp\/v2\/comments?post=1141"}],"version-history":[{"count":1,"href":"https:\/\/www.celec.gob.ec\/termomanabi\/wp-json\/wp\/v2\/posts\/1141\/revisions"}],"predecessor-version":[{"id":1144,"href":"https:\/\/www.celec.gob.ec\/termomanabi\/wp-json\/wp\/v2\/posts\/1141\/revisions\/1144"}],"wp:featuredmedia":[{"embeddable":true,"href":"https:\/\/www.celec.gob.ec\/termomanabi\/wp-json\/wp\/v2\/media\/1143"}],"wp:attachment":[{"href":"https:\/\/www.celec.gob.ec\/termomanabi\/wp-json\/wp\/v2\/media?parent=1141"}],"wp:term":[{"taxonomy":"category","embeddable":true,"href":"https:\/\/www.celec.gob.ec\/termomanabi\/wp-json\/wp\/v2\/categories?post=1141"},{"taxonomy":"post_tag","embeddable":true,"href":"https:\/\/www.celec.gob.ec\/termomanabi\/wp-json\/wp\/v2\/tags?post=1141"}],"curies":[{"name":"wp","href":"https:\/\/api.w.org\/{rel}","templated":true}]}}