{"id":1166,"date":"2025-11-28T16:11:58","date_gmt":"2025-11-28T16:11:58","guid":{"rendered":"https:\/\/www.celec.gob.ec\/termomanabi\/?p=1166"},"modified":"2025-11-28T16:11:59","modified_gmt":"2025-11-28T16:11:59","slug":"la-celec-ep-brindo-atencion-medica-gratuita-a-cerca-de-200-habitantes-del-barrio-25-de-diciembre-en-pedernales","status":"publish","type":"post","link":"https:\/\/www.celec.gob.ec\/termomanabi\/uncategorized\/la-celec-ep-brindo-atencion-medica-gratuita-a-cerca-de-200-habitantes-del-barrio-25-de-diciembre-en-pedernales\/","title":{"rendered":"La CELEC EP brind\u00f3 atenci\u00f3n m\u00e9dica gratuita a cerca de 200 habitantes del barrio 25 de Diciembre en Pedernales"},"content":{"rendered":"\n<p>En el barrio 25 de Diciembre, sector de influencia de la Central T\u00e9rmica Pedernales, en la provincia de Manab\u00ed, alrededor de 200 personas recibieron atenci\u00f3n en una brigada m\u00e9dica que desarroll\u00f3 la Corporaci\u00f3n el\u00e9ctrica del Ecuador (CELEC EP), a trav\u00e9s de su Unidad de Negocio Termomanab\u00ed, en coordinaci\u00f3n con el Ministerio de Salud P\u00fablica del Ecuador (MSP) y el Municipio de Pedernales.<\/p>\n\n\n\n<p>La actividad forma parte del programa de relacionamiento comunitario de la CELEC EP, que busca fortalecer la vinculaci\u00f3n con las poblaciones cercanas a las centrales de generaci\u00f3n el\u00e9ctrica y aportar al bienestar social. La jornada se realiz\u00f3 el pasado 22 de noviembre en la cancha de usos m\u00faltiples, junto a la Central T\u00e9rmica.<\/p>\n\n\n\n<p>Durante la sesi\u00f3n comunitaria, personas de todas las edades recibieron atenci\u00f3n m\u00e9dica y entrega de medicamentos de forma gratuita. Se prioriz\u00f3 a ni\u00f1as, ni\u00f1os, adultos mayores, personas con discapacidad y mujeres embarazadas.<\/p>\n\n\n\n<p>Pedro V\u00e9lez, de 67 a\u00f1os, fue el primero en ser atendido y destac\u00f3 la importancia del servicio al se\u00f1alar que, en su barrio existen m\u00faltiples necesidades, especialmente en el \u00e1mbito de la salud, por lo que expres\u00f3 un agradecimiento al Gobierno Nacional y a la CELEC EP por llegar hasta su poblaci\u00f3n y brindar este apoyo.<\/p>\n\n\n\n<p>La jornada concluy\u00f3 a las 16:00 tras cumplir con la atenci\u00f3n prevista. Con estas acciones, la CELEC EP y el Gobierno de El Nuevo Ecuador reafirman su compromiso con la salud y el desarrollo de las comunidades cercanas a la Central T\u00e9rmica que cuenta con 5 megavatios (MW) de potencia efectiva.<\/p>\n","protected":false},"excerpt":{"rendered":"<p>En el barrio 25 de Diciembre, sector de influencia de la Central T\u00e9rmica Pedernales, en la provincia de Manab\u00ed, alrededor de 200 personas recibieron atenci\u00f3n en una brigada m\u00e9dica que desarroll\u00f3 la Corporaci\u00f3n el\u00e9ctrica del Ecuador (CELEC EP), a trav\u00e9s de su Unidad de Negocio Termomanab\u00ed, en coordinaci\u00f3n con el Ministerio de Salud P\u00fablica del [&hellip;]<\/p>\n","protected":false},"author":2,"featured_media":1167,"comment_status":"open","ping_status":"open","sticky":false,"template":"","format":"standard","meta":{"_acf_changed":false,"inline_featured_image":false,"_themeisle_gutenberg_block_has_review":false,"footnotes":""},"categories":[1],"tags":[],"class_list":["post-1166","post","type-post","status-publish","format-standard","has-post-thumbnail","hentry","category-uncategorized"],"acf":[],"_links":{"self":[{"href":"https:\/\/www.celec.gob.ec\/termomanabi\/wp-json\/wp\/v2\/posts\/1166","targetHints":{"allow":["GET"]}}],"collection":[{"href":"https:\/\/www.celec.gob.ec\/termomanabi\/wp-json\/wp\/v2\/posts"}],"about":[{"href":"https:\/\/www.celec.gob.ec\/termomanabi\/wp-json\/wp\/v2\/types\/post"}],"author":[{"embeddable":true,"href":"https:\/\/www.celec.gob.ec\/termomanabi\/wp-json\/wp\/v2\/users\/2"}],"replies":[{"embeddable":true,"href":"https:\/\/www.celec.gob.ec\/termomanabi\/wp-json\/wp\/v2\/comments?post=1166"}],"version-history":[{"count":1,"href":"https:\/\/www.celec.gob.ec\/termomanabi\/wp-json\/wp\/v2\/posts\/1166\/revisions"}],"predecessor-version":[{"id":1168,"href":"https:\/\/www.celec.gob.ec\/termomanabi\/wp-json\/wp\/v2\/posts\/1166\/revisions\/1168"}],"wp:featuredmedia":[{"embeddable":true,"href":"https:\/\/www.celec.gob.ec\/termomanabi\/wp-json\/wp\/v2\/media\/1167"}],"wp:attachment":[{"href":"https:\/\/www.celec.gob.ec\/termomanabi\/wp-json\/wp\/v2\/media?parent=1166"}],"wp:term":[{"taxonomy":"category","embeddable":true,"href":"https:\/\/www.celec.gob.ec\/termomanabi\/wp-json\/wp\/v2\/categories?post=1166"},{"taxonomy":"post_tag","embeddable":true,"href":"https:\/\/www.celec.gob.ec\/termomanabi\/wp-json\/wp\/v2\/tags?post=1166"}],"curies":[{"name":"wp","href":"https:\/\/api.w.org\/{rel}","templated":true}]}}