{"id":408,"date":"2014-07-11T15:55:59","date_gmt":"2014-07-11T15:55:59","guid":{"rendered":"https:\/\/www.celec.gob.ec\/termomanabi\/?p=472"},"modified":"2014-07-11T15:55:59","modified_gmt":"2014-07-11T15:55:59","slug":"personal-de-celec-ep-termomanabi-realiza-trabajos-de-mantenimiento-en-la-central-pedernales-13","status":"publish","type":"post","link":"https:\/\/www.celec.gob.ec\/termomanabi\/noticias\/personal-de-celec-ep-termomanabi-realiza-trabajos-de-mantenimiento-en-la-central-pedernales-13\/","title":{"rendered":"CELEC EP Termomanab\u00ed entrega tanques para recolecci\u00f3n de desechos en Jaramij\u00f3"},"content":{"rendered":"<p style=\"text-align: left;\">&nbsp;Jaramij\u00f3, 26 de enero de 2022<\/p>\n<p><img loading=\"lazy\" decoding=\"async\" class=\" size-full wp-image-471\" style=\"display: block; margin-left: auto; margin-right: auto;\" src=\"https:\/\/www.celec.gob.ec\/termomanabi\/wp-content\/uploads\/2014\/07\/tanques_3.jpg\" alt=\"tanques 3\" width=\"420\" height=\"315\" \/><\/p>\n<p>La Corporaci\u00f3n El\u00e9ctrica del Ecuador (CELEC EP), a trav\u00e9s de la Unidad de Negocio Termomanab\u00ed, apoya actividades positivas para incentivar en la comunidad h\u00e1bitos amigables con el ambiente. As\u00ed colaborades de CELEC EP Termomanab\u00ed prepararon y entregaron 24 tanques para la recolecci\u00f3n de desechos en el cant\u00f3n Jaramij\u00f3.<\/p>\n<p>Xavier Chinga, jefe de Gesti\u00f3n Social y Ambiental, explic\u00f3 que se recibi\u00f3 un pedido del Alcalde de Jaramij\u00f3 para que CELEC EP Termomanab\u00ed colabore con tanques destinados a la recolecci\u00f3n de desechos, que ser\u00e1n colocados en el perfil costanero de las playas de este cant\u00f3n.<\/p>\n<p>As\u00ed personal del \u00e1rea mec\u00e1nica realiz\u00f3 la entrega de los tanques para la instalaci\u00f3n de las estaciones de desechos, este mi\u00e9rcoles, en zonas tur\u00edsticas y p\u00fablicas.<\/p>\n<p>CELEC EP Termomanab\u00ed tiene proyectado a lo largo del 2022, cumplir varias actividades con la comunidad, como: brigadas m\u00e9dicas y mingas barriales; buscando as\u00ed mejorar la calidad de vida de los habitantes de sus zonas de influencia.<\/p>\n<\/p>\n<p>&nbsp;<\/p>\n<p><strong><em>&nbsp;<\/em><\/strong><\/p>\n","protected":false},"excerpt":{"rendered":"<p>&nbsp;Jaramij\u00f3, 26 de enero de 2022 La Corporaci\u00f3n El\u00e9ctrica del Ecuador (CELEC EP), a trav\u00e9s de la Unidad de Negocio Termomanab\u00ed, apoya actividades positivas para incentivar en la comunidad h\u00e1bitos amigables con el ambiente. As\u00ed colaborades de CELEC EP Termomanab\u00ed prepararon y entregaron 24 tanques para la recolecci\u00f3n de desechos en el cant\u00f3n Jaramij\u00f3. Xavier [&hellip;]<\/p>\n","protected":false},"author":1,"featured_media":409,"comment_status":"open","ping_status":"open","sticky":false,"template":"","format":"standard","meta":{"_acf_changed":false,"inline_featured_image":false,"_themeisle_gutenberg_block_has_review":false,"footnotes":""},"categories":[7],"tags":[],"class_list":["post-408","post","type-post","status-publish","format-standard","has-post-thumbnail","hentry","category-noticias"],"acf":[],"_links":{"self":[{"href":"https:\/\/www.celec.gob.ec\/termomanabi\/wp-json\/wp\/v2\/posts\/408","targetHints":{"allow":["GET"]}}],"collection":[{"href":"https:\/\/www.celec.gob.ec\/termomanabi\/wp-json\/wp\/v2\/posts"}],"about":[{"href":"https:\/\/www.celec.gob.ec\/termomanabi\/wp-json\/wp\/v2\/types\/post"}],"author":[{"embeddable":true,"href":"https:\/\/www.celec.gob.ec\/termomanabi\/wp-json\/wp\/v2\/users\/1"}],"replies":[{"embeddable":true,"href":"https:\/\/www.celec.gob.ec\/termomanabi\/wp-json\/wp\/v2\/comments?post=408"}],"version-history":[{"count":0,"href":"https:\/\/www.celec.gob.ec\/termomanabi\/wp-json\/wp\/v2\/posts\/408\/revisions"}],"wp:featuredmedia":[{"embeddable":true,"href":"https:\/\/www.celec.gob.ec\/termomanabi\/wp-json\/wp\/v2\/media\/409"}],"wp:attachment":[{"href":"https:\/\/www.celec.gob.ec\/termomanabi\/wp-json\/wp\/v2\/media?parent=408"}],"wp:term":[{"taxonomy":"category","embeddable":true,"href":"https:\/\/www.celec.gob.ec\/termomanabi\/wp-json\/wp\/v2\/categories?post=408"},{"taxonomy":"post_tag","embeddable":true,"href":"https:\/\/www.celec.gob.ec\/termomanabi\/wp-json\/wp\/v2\/tags?post=408"}],"curies":[{"name":"wp","href":"https:\/\/api.w.org\/{rel}","templated":true}]}}