{"id":673,"date":"2024-02-01T17:14:24","date_gmt":"2024-02-01T17:14:24","guid":{"rendered":"https:\/\/www.celec.gob.ec\/termomanabi\/?p=673"},"modified":"2024-02-01T17:14:25","modified_gmt":"2024-02-01T17:14:25","slug":"celec-ep-termomanabi-concluyo-el-mantenimiento-en-dos-unidades-de-generacion-en-la-central-jaramijo","status":"publish","type":"post","link":"https:\/\/www.celec.gob.ec\/termomanabi\/uncategorized\/celec-ep-termomanabi-concluyo-el-mantenimiento-en-dos-unidades-de-generacion-en-la-central-jaramijo\/","title":{"rendered":"CELEC EP Termomanab\u00ed concluy\u00f3 el mantenimiento en dos unidades de generaci\u00f3n en la central Jaramij\u00f3"},"content":{"rendered":"\n<figure class=\"wp-block-image size-large\"><img loading=\"lazy\" decoding=\"async\" width=\"1024\" height=\"768\" src=\"https:\/\/www.celec.gob.ec\/termomanabi\/wp-content\/uploads\/2024\/02\/Unidades-7-y-8-1024x768.jpeg\" alt=\"\" class=\"wp-image-674\" srcset=\"https:\/\/www.celec.gob.ec\/termomanabi\/wp-content\/uploads\/2024\/02\/Unidades-7-y-8-1024x768.jpeg 1024w, https:\/\/www.celec.gob.ec\/termomanabi\/wp-content\/uploads\/2024\/02\/Unidades-7-y-8-300x225.jpeg 300w, https:\/\/www.celec.gob.ec\/termomanabi\/wp-content\/uploads\/2024\/02\/Unidades-7-y-8-768x576.jpeg 768w, https:\/\/www.celec.gob.ec\/termomanabi\/wp-content\/uploads\/2024\/02\/Unidades-7-y-8.jpeg 1280w\" sizes=\"auto, (max-width: 1024px) 100vw, 1024px\" \/><\/figure>\n\n\n\n<p>La Corporaci\u00f3n El\u00e9ctrica de Ecuador \u2013 CELEC EP, a trav\u00e9s de la Unidad de Negocio Termomanab\u00ed, culmin\u00f3 los trabajos de mantenimiento preventivo y las pruebas de funcionamiento de las unidades de generaci\u00f3n Nro. 7 y Nro.8 de la central t\u00e9rmica Jaramij\u00f3, que suma una potencia instalada de 149 MW (megavatios). De esa forma se reincorporaron 14.32 MW al Sistema Nacional Interconectado (SNI).<\/p>\n\n\n\n<p>Diana Avil\u00e9s, gerente de Unidad de Negocio, explic\u00f3 que los trabajos desarrollados son parte de la planificaci\u00f3n para que las centrales: Jaramij\u00f3, Manta II, Miraflores y Pedernales, est\u00e9n disponibles para generaci\u00f3n el\u00e9ctrica, cuando as\u00ed lo disponga el Operador Nacional de Electricidad &#8211; Cenace.<\/p>\n\n\n\n<p>Inform\u00f3 que el personal t\u00e9cnico y administrativo se enfocar\u00e1 en los proyectos que busquen conservar las unidades de generaci\u00f3n, atendiendo los requerimientos energ\u00e9ticos del SNI. Acot\u00f3 que se dar\u00e1 seguimiento al cronograma anual de mantenimiento preventivo, en el que constan 80 mantenimientos de ese tipo durante 2024<\/p>\n","protected":false},"excerpt":{"rendered":"<p>La Corporaci\u00f3n El\u00e9ctrica de Ecuador \u2013 CELEC EP, a trav\u00e9s de la Unidad de Negocio Termomanab\u00ed, culmin\u00f3 los trabajos de mantenimiento preventivo y las pruebas de funcionamiento de las unidades de generaci\u00f3n Nro. 7 y Nro.8 de la central t\u00e9rmica Jaramij\u00f3, que suma una potencia instalada de 149 MW (megavatios). De esa forma se reincorporaron [&hellip;]<\/p>\n","protected":false},"author":2,"featured_media":674,"comment_status":"open","ping_status":"open","sticky":false,"template":"","format":"standard","meta":{"_acf_changed":false,"inline_featured_image":false,"_themeisle_gutenberg_block_has_review":false,"footnotes":""},"categories":[1],"tags":[],"class_list":["post-673","post","type-post","status-publish","format-standard","has-post-thumbnail","hentry","category-uncategorized"],"acf":[],"_links":{"self":[{"href":"https:\/\/www.celec.gob.ec\/termomanabi\/wp-json\/wp\/v2\/posts\/673","targetHints":{"allow":["GET"]}}],"collection":[{"href":"https:\/\/www.celec.gob.ec\/termomanabi\/wp-json\/wp\/v2\/posts"}],"about":[{"href":"https:\/\/www.celec.gob.ec\/termomanabi\/wp-json\/wp\/v2\/types\/post"}],"author":[{"embeddable":true,"href":"https:\/\/www.celec.gob.ec\/termomanabi\/wp-json\/wp\/v2\/users\/2"}],"replies":[{"embeddable":true,"href":"https:\/\/www.celec.gob.ec\/termomanabi\/wp-json\/wp\/v2\/comments?post=673"}],"version-history":[{"count":1,"href":"https:\/\/www.celec.gob.ec\/termomanabi\/wp-json\/wp\/v2\/posts\/673\/revisions"}],"predecessor-version":[{"id":675,"href":"https:\/\/www.celec.gob.ec\/termomanabi\/wp-json\/wp\/v2\/posts\/673\/revisions\/675"}],"wp:featuredmedia":[{"embeddable":true,"href":"https:\/\/www.celec.gob.ec\/termomanabi\/wp-json\/wp\/v2\/media\/674"}],"wp:attachment":[{"href":"https:\/\/www.celec.gob.ec\/termomanabi\/wp-json\/wp\/v2\/media?parent=673"}],"wp:term":[{"taxonomy":"category","embeddable":true,"href":"https:\/\/www.celec.gob.ec\/termomanabi\/wp-json\/wp\/v2\/categories?post=673"},{"taxonomy":"post_tag","embeddable":true,"href":"https:\/\/www.celec.gob.ec\/termomanabi\/wp-json\/wp\/v2\/tags?post=673"}],"curies":[{"name":"wp","href":"https:\/\/api.w.org\/{rel}","templated":true}]}}