{"id":444,"date":"2016-08-15T21:39:47","date_gmt":"2016-08-15T21:39:47","guid":{"rendered":"https:\/\/www.celec.gob.ec\/termopichincha\/?p=649"},"modified":"2016-08-15T21:39:47","modified_gmt":"2016-08-15T21:39:47","slug":"hidroelectricas-coca-codo-y-sopladora-ahorran-al-pais-100-millones-de-dolares","status":"publish","type":"post","link":"https:\/\/www.celec.gob.ec\/termopichincha\/noticias\/hidroelectricas-coca-codo-y-sopladora-ahorran-al-pais-100-millones-de-dolares\/","title":{"rendered":"Hidroel\u00e9ctricas Coca Codo y Sopladora ahorran al pa\u00eds 100 millones de d\u00f3lares"},"content":{"rendered":"<div style=\"box-sizing: border-box; margin: 0px 0px 10px; font-weight: normal; color: #333333; font-family: 'Open Sans','Helvetica Neue',Helvetica,Arial,sans-serif; font-size: 13px; font-style: normal; font-variant-ligatures: normal; font-variant-caps: normal; letter-spacing: normal; line-height: 18.5714px; orphans: 2; text-indent: 0px; text-transform: none; white-space: normal; widows: 2; word-spacing: 0px; background-color: #ffffff; text-align: justify;\"><span style=\"color: #333333; font-family: 'Open Sans', 'Helvetica Neue', Helvetica, Arial, sans-serif; font-size: 13px; font-style: normal; font-variant-ligatures: normal; font-variant-caps: normal; font-weight: normal; letter-spacing: normal; line-height: 18.5714px; orphans: 2; text-align: justify; text-indent: 0px; text-transform: none; white-space: normal; widows: 2; word-spacing: 0px; -webkit-text-stroke-width: 0px; display: inline !important; float: none; background-color: #ffffff;\"><span style=\"color: #333333; font-family: 'Open Sans', 'Helvetica Neue', Helvetica, Arial, sans-serif; font-size: 13px; font-style: normal; font-variant-ligatures: normal; font-variant-caps: normal; font-weight: normal; letter-spacing: normal; line-height: 18.5714px; orphans: 2; text-align: justify; text-indent: 0px; text-transform: none; white-space: normal; widows: 2; word-spacing: 0px; -webkit-text-stroke-width: 0px; display: inline !important; float: none; background-color: #ffffff;\"><span style=\"color: #333333; font-family: 'Open Sans', 'Helvetica Neue', Helvetica, Arial, sans-serif; font-size: 13px; font-style: normal; font-variant-ligatures: normal; font-variant-caps: normal; font-weight: normal; letter-spacing: normal; line-height: 18.5714px; orphans: 2; text-align: justify; text-indent: 0px; text-transform: none; white-space: normal; widows: 2; word-spacing: 0px; -webkit-text-stroke-width: 0px; display: inline !important; float: none; background-color: #ffffff;\">Este s\u00e1bado 13 de agosto presidi\u00f3 el Enlace Ciudadano 488 el Vicepresidente, Jorge Glas, desde el cant\u00f3n Atacames, en la provincia de Esmeraldas, en donde se dio a conocer buenas noticias para el pa\u00eds y se inform\u00f3 la agenda de trabajo desarrollada esta semana.<\/p>\n<p><img loading=\"lazy\" decoding=\"async\" class=\" size-full wp-image-648\" src=\"https:\/\/www.celec.gob.ec\/termopichincha\/wp-content\/uploads\/2016\/08\/sopladora_ccs_ahorro_pais_web.png\" border=\"0\" alt=\"\" style=\"display: block; margin-left: auto; margin-right: auto;\" width=\"370\" height=\"200\" \/><\/span><\/span><\/span><br \/>\n<!--more--><br \/>\nEl segundo mandatario anunci\u00f3 que el pa\u00eds ahorr\u00f3 100 millones de d\u00f3lares con las hidroel\u00e9ctricas Coca Codo y Sopladora, 70 millones y 30 millones, respectivamente.<\/div>\n<div style=\"text-align: justify;\">\u00a0<\/div>\n<div style=\"box-sizing: border-box; margin: 0px 0px 10px; font-weight: normal; color: #333333; font-family: 'Open Sans','Helvetica Neue',Helvetica,Arial,sans-serif; font-size: 13px; font-style: normal; font-variant-ligatures: normal; font-variant-caps: normal; letter-spacing: normal; line-height: 18.5714px; orphans: 2; text-indent: 0px; text-transform: none; white-space: normal; widows: 2; word-spacing: 0px; background-color: #ffffff; text-align: justify;\">Sopladora, ser\u00e1 inaugurada en los pr\u00f3ximos d\u00edas por el Presidente de la Rep\u00fablica, Rafael Correa. La hidroel\u00e9ctrica generar\u00e1 487 megavatios de electricidad, la inversi\u00f3n es de 755 millones de d\u00f3lares y ahorrar\u00e1 al pa\u00eds aproximadamente 276 millones de d\u00f3lares por a\u00f1o.<\/div>\n<div style=\"text-align: justify;\">\u00a0<\/div>\n<div style=\"box-sizing: border-box; margin: 0px 0px 10px; font-weight: normal; color: #333333; font-family: 'Open Sans','Helvetica Neue',Helvetica,Arial,sans-serif; font-size: 13px; font-style: normal; font-variant-ligatures: normal; font-variant-caps: normal; letter-spacing: normal; line-height: 18.5714px; orphans: 2; text-indent: 0px; text-transform: none; white-space: normal; widows: 2; word-spacing: 0px; background-color: #ffffff; text-align: justify;\">Adem\u00e1s se dio a conocer que mediante una alianza estrat\u00e9gica ecuatoriana-china se fabricar\u00e1n desde noviembre de este a\u00f1o 1.200 buses autoportantes, con componentes nacionales.<\/div>\n<div style=\"text-align: justify;\">\u00a0<\/div>\n<div style=\"box-sizing: border-box; margin: 0px 0px 10px; font-weight: normal; color: #333333; font-family: 'Open Sans','Helvetica Neue',Helvetica,Arial,sans-serif; font-size: 13px; font-style: normal; font-variant-ligatures: normal; font-variant-caps: normal; letter-spacing: normal; line-height: 18.5714px; orphans: 2; text-indent: 0px; text-transform: none; white-space: normal; widows: 2; word-spacing: 0px; background-color: #ffffff; text-align: justify;\">El Vicepresidente Glas tambi\u00e9n se refiri\u00f3 al proyecto minero R\u00edo Blanco que se inaugur\u00f3 esta semana en Cuenca, recalc\u00f3 que cuenta con todos los permisos ambientales, que no existen acu\u00edferos y que el Estado recibir\u00e1 con esta iniciativa 191,49 millones de d\u00f3lares por tributos directos en 11 a\u00f1os. Aqu\u00ed en esta misma ciudad se entregaron 3.500 t\u00edtulos de propiedad a agricultores azuayos.<\/div>\n<div style=\"text-align: justify;\">\u00a0<\/div>\n<div style=\"box-sizing: border-box; margin: 0px 0px 10px; font-weight: normal; color: #333333; font-family: 'Open Sans','Helvetica Neue',Helvetica,Arial,sans-serif; font-size: 13px; font-style: normal; font-variant-ligatures: normal; font-variant-caps: normal; letter-spacing: normal; line-height: 18.5714px; orphans: 2; text-indent: 0px; text-transform: none; white-space: normal; widows: 2; word-spacing: 0px; background-color: #ffffff; text-align: justify;\">Otros anuncios positivos fueron la adjudicaci\u00f3n de la alianza p\u00fablico privada para Puerto Bol\u00edvar, con una inversi\u00f3n de 750 millones de d\u00f3lares por parte de la empresa Yilport. Tambi\u00e9n se\u00f1al\u00f3 que en las pr\u00f3ximas semanas se adjudicar\u00e1 la Alianza P\u00fablica Privada para el puerto de Manta, ciudad donde arranc\u00f3 la construcci\u00f3n del nuevo hospital del Instituto de Seguridad Social con el 98% de\u00a0 mano de obra nacional, habr\u00e1 una unidad de di\u00e1lisis, 200 camas, 31 especialidades, 102 m\u00e9dicos especialistas, generar\u00e1 300 empleos directos y 1.200 empleos indirectos, entre otros servicios y beneficios. Este moderno hospital se espera est\u00e9 listo en agosto del pr\u00f3ximo a\u00f1o.<\/div>\n<div style=\"text-align: justify;\">\u00a0<\/div>\n<div style=\"box-sizing: border-box; margin: 0px 0px 10px; font-weight: normal; color: #333333; font-family: 'Open Sans','Helvetica Neue',Helvetica,Arial,sans-serif; font-size: 13px; font-style: normal; font-variant-ligatures: normal; font-variant-caps: normal; letter-spacing: normal; line-height: 18.5714px; orphans: 2; text-indent: 0px; text-transform: none; white-space: normal; widows: 2; word-spacing: 0px; background-color: #ffffff; text-align: justify;\">En el informe de hoy adicionalmente el segundo mandatario confirm\u00f3 que con los trabajos de reconstrucci\u00f3n y reparaci\u00f3n se han generado 9.698 empleos directos y 29.024 indirectos. En Atacames, en la provincia de Esmeraldas se entreg\u00f3 este viernes 391 bonos de vivienda: 289 de reparaci\u00f3n y 102 de reconstrucci\u00f3n.<\/div>\n<div style=\"text-align: justify;\">\u00a0<\/div>\n<div style=\"box-sizing: border-box; margin: 0px 0px 10px; font-weight: normal; color: #333333; font-family: 'Open Sans','Helvetica Neue',Helvetica,Arial,sans-serif; font-size: 13px; font-style: normal; font-variant-ligatures: normal; font-variant-caps: normal; letter-spacing: normal; line-height: 18.5714px; orphans: 2; text-indent: 0px; text-transform: none; white-space: normal; widows: 2; word-spacing: 0px; background-color: #ffffff; text-align: justify;\">En total hasta el momento se han entregado 15.659 bonos de vivienda, entre reconstrucci\u00f3n, reparaci\u00f3n o construcci\u00f3n de casa nueva.<\/p>\n<p><span style=\"color: #333333; font-family: 'Open Sans', 'Helvetica Neue', Helvetica, Arial, sans-serif; font-size: 13px; font-style: normal; font-variant-ligatures: normal; font-variant-caps: normal; font-weight: normal; letter-spacing: normal; line-height: 18.5714px; orphans: 2; text-align: justify; text-indent: 0px; text-transform: none; white-space: normal; widows: 2; word-spacing: 0px; -webkit-text-stroke-width: 0px; display: inline !important; float: none; background-color: #ffffff;\">Tambi\u00e9n se refiri\u00f3 a la capacitaci\u00f3n realizada a 700 nuevos trabajadores de la Corporaci\u00f3n Nacional de Electricidad, empresa a la que se le entreg\u00f3 equipos y maquinaria como 6 gr\u00faas, 8 carros canasta, 1 hidrolavadora, 60 camionetas y 69 mil kits de seguridad. \u201cFusionamos 10 empresas de CNEL, ahora facturan 650 millones de d\u00f3lares adicionales por a\u00f1o\u201d dijo el Vicepresidente.<\/span><\/p>\n<p>Tomado de: <a href=\"http:\/\/www.vicepresidencia.gob.ec\/hidroelectricas-coca-codo-y-sopladora-ahorran-al-pais-100-millones-de-dolares\/\" target=\"_blank\" title=\"HIDROEL\u00c9CTRICAS COCA CODO Y SOPLADORA AHORRAN AL PA\u00cdS 100 MILLONES DE D\u00d3LARES\" rel=\"noopener\">Vicepresidencia de la Rep\u00fablica del Ecuador<\/a><br \/>Publicado el lunes, 15 de agosto de 2016<\/div>\n","protected":false},"excerpt":{"rendered":"<p>Este s\u00e1bado 13 de agosto presidi\u00f3 el Enlace Ciudadano 488 el Vicepresidente, Jorge Glas, desde el cant\u00f3n Atacames, en la provincia de Esmeraldas, en donde se dio a conocer buenas noticias para el pa\u00eds y se inform\u00f3 la agenda de trabajo desarrollada esta semana.<\/p>\n","protected":false},"author":1,"featured_media":445,"comment_status":"open","ping_status":"open","sticky":false,"template":"","format":"standard","meta":{"_acf_changed":false,"inline_featured_image":false,"_themeisle_gutenberg_block_has_review":false,"footnotes":""},"categories":[7],"tags":[],"class_list":["post-444","post","type-post","status-publish","format-standard","has-post-thumbnail","hentry","category-noticias"],"acf":[],"_links":{"self":[{"href":"https:\/\/www.celec.gob.ec\/termopichincha\/wp-json\/wp\/v2\/posts\/444","targetHints":{"allow":["GET"]}}],"collection":[{"href":"https:\/\/www.celec.gob.ec\/termopichincha\/wp-json\/wp\/v2\/posts"}],"about":[{"href":"https:\/\/www.celec.gob.ec\/termopichincha\/wp-json\/wp\/v2\/types\/post"}],"author":[{"embeddable":true,"href":"https:\/\/www.celec.gob.ec\/termopichincha\/wp-json\/wp\/v2\/users\/1"}],"replies":[{"embeddable":true,"href":"https:\/\/www.celec.gob.ec\/termopichincha\/wp-json\/wp\/v2\/comments?post=444"}],"version-history":[{"count":0,"href":"https:\/\/www.celec.gob.ec\/termopichincha\/wp-json\/wp\/v2\/posts\/444\/revisions"}],"wp:featuredmedia":[{"embeddable":true,"href":"https:\/\/www.celec.gob.ec\/termopichincha\/wp-json\/wp\/v2\/media\/445"}],"wp:attachment":[{"href":"https:\/\/www.celec.gob.ec\/termopichincha\/wp-json\/wp\/v2\/media?parent=444"}],"wp:term":[{"taxonomy":"category","embeddable":true,"href":"https:\/\/www.celec.gob.ec\/termopichincha\/wp-json\/wp\/v2\/categories?post=444"},{"taxonomy":"post_tag","embeddable":true,"href":"https:\/\/www.celec.gob.ec\/termopichincha\/wp-json\/wp\/v2\/tags?post=444"}],"curies":[{"name":"wp","href":"https:\/\/api.w.org\/{rel}","templated":true}]}}