{"id":774,"date":"2013-05-29T15:50:39","date_gmt":"2013-05-29T15:50:39","guid":{"rendered":"https:\/\/www.celec.gob.ec\/termopichincha\/?p=262"},"modified":"2013-05-29T15:50:39","modified_gmt":"2013-05-29T15:50:39","slug":"sectores-estrategicos-presentes-en-el-primer-foro-y-exhibicion-de-proyeccion-petrolera-y-refineria","status":"publish","type":"post","link":"https:\/\/www.celec.gob.ec\/termopichincha\/noticias\/sectores-estrategicos-presentes-en-el-primer-foro-y-exhibicion-de-proyeccion-petrolera-y-refineria\/","title":{"rendered":"Sectores Estrat\u00e9gicos presentes en el Primer Foro y Exhibici\u00f3n de Proyecci\u00f3n Petrolera y Refiner\u00eda"},"content":{"rendered":"<p style=\"text-align: justify;\">El Ministro Coordinador de Sectores Estrat\u00e9gicos, Rafael Poveda Bonilla, particip\u00f3 en delegaci\u00f3n del Presidente de la Rep\u00fablica Eco. Rafael Correa Delgado, en el Primer Foro y Exhibici\u00f3n de Proyecci\u00f3n Petrolera y Refiner\u00eda del Pac\u00edfico, que se lleva a cabo los d\u00edas 21 y 22 de mayo en la ciudad de Manta. <span style=\"font-family: Arial; font-size: small;\"><br \/><\/span><span style=\"font-family: Arial; font-size: small;\"><br \/><\/span><\/p>\n<p><!--more--><\/p>\n<p>El Ministro Coordinador de Sectores Estrat\u00e9gicos, Rafael Poveda Bonilla, particip\u00f3 en delegaci\u00f3n del Presidente de la Rep\u00fablica Eco. Rafael Correa Delgado, en el Primer Foro y Exhibici\u00f3n de Proyecci\u00f3n Petrolera y Refiner\u00eda del Pac\u00edfico, que se lleva a cabo los d\u00edas 21 y 22 de mayo en la ciudad de Manta. <\/p>\n<p>El evento cont\u00f3 con la presencia de Pedro Merizalde, ministro de Recursos Naturales No Renovables, Lorena Tapia, ministra del Ambiente, Bismarck Andrade, Gerente de la Refiner\u00eda del Pac\u00edfico y las principales autoridades de la provincia.<\/p>\n<p>En su intervenci\u00f3n el Ministro Poveda manifest\u00f3 que la Refiner\u00eda del Pac\u00edfico es una obra necesaria y prioritaria para el pa\u00eds, \u201ceste proyecto emblem\u00e1tico cambia la historia del Ecuador, tendremos la capacidad de abastecer la demanda interna del pa\u00eds y la posibilidad de exportar los excedentes, lo que nos convierte en autosuficientes\u201d, a\u00f1adi\u00f3.<\/p>\n<p>Resalt\u00f3 adem\u00e1s que la Refiner\u00eda del Pac\u00edfico, crear\u00e1 oportunidades para el desarrollo del sector petroqu\u00edmico, lo que provocar\u00e1 la sustituci\u00f3n de importaciones de productos intermedios, el apoyo a las industrias existentes, creaci\u00f3n de nuevas industrias con potencial exportador, y el apoyo a industrias no petroqu\u00edmicas.<\/p>\n<p>Actualmente se realizado importantes avances en la obra relacionados principalmente en el movimiento de tierra y la construcci\u00f3n del acueducto se encuentra en proceso de licitaci\u00f3n y que requerir\u00e1 de una inversi\u00f3n de 180 millones de d\u00f3lares y un plazo de ejecuci\u00f3n de 22 meses, lo que generar\u00e1 empleo adicional en Manab\u00ed.<\/p>\n<p>El Foro cuenta paralelamente con una exposici\u00f3n en torno a la construcci\u00f3n de la mayor refiner\u00eda de Am\u00e9rica, donde se presenta las actividades, acciones y beneficios que se est\u00e1n dando actualmente y las que vendr\u00e1n a futuro.<\/p>\n<p>Tomado de P\u00e1gina MInisterio Coordinador de Sectores Estrat\u00e9gicos<br \/>29 de Mayo 2013<\/p>\n","protected":false},"excerpt":{"rendered":"<p>El Ministro Coordinador de Sectores Estrat\u00e9gicos, Rafael Poveda Bonilla, particip\u00f3 en delegaci\u00f3n del Presidente de la Rep\u00fablica Eco. Rafael Correa Delgado, en el Primer Foro y Exhibici\u00f3n de Proyecci\u00f3n Petrolera y Refiner\u00eda del Pac\u00edfico, que se lleva a cabo los d\u00edas 21 y 22 de mayo en la ciudad de Manta.<\/p>\n","protected":false},"author":1,"featured_media":0,"comment_status":"open","ping_status":"open","sticky":false,"template":"","format":"standard","meta":{"_acf_changed":false,"inline_featured_image":false,"_themeisle_gutenberg_block_has_review":false,"footnotes":""},"categories":[7],"tags":[],"class_list":["post-774","post","type-post","status-publish","format-standard","hentry","category-noticias"],"acf":[],"_links":{"self":[{"href":"https:\/\/www.celec.gob.ec\/termopichincha\/wp-json\/wp\/v2\/posts\/774","targetHints":{"allow":["GET"]}}],"collection":[{"href":"https:\/\/www.celec.gob.ec\/termopichincha\/wp-json\/wp\/v2\/posts"}],"about":[{"href":"https:\/\/www.celec.gob.ec\/termopichincha\/wp-json\/wp\/v2\/types\/post"}],"author":[{"embeddable":true,"href":"https:\/\/www.celec.gob.ec\/termopichincha\/wp-json\/wp\/v2\/users\/1"}],"replies":[{"embeddable":true,"href":"https:\/\/www.celec.gob.ec\/termopichincha\/wp-json\/wp\/v2\/comments?post=774"}],"version-history":[{"count":0,"href":"https:\/\/www.celec.gob.ec\/termopichincha\/wp-json\/wp\/v2\/posts\/774\/revisions"}],"wp:attachment":[{"href":"https:\/\/www.celec.gob.ec\/termopichincha\/wp-json\/wp\/v2\/media?parent=774"}],"wp:term":[{"taxonomy":"category","embeddable":true,"href":"https:\/\/www.celec.gob.ec\/termopichincha\/wp-json\/wp\/v2\/categories?post=774"},{"taxonomy":"post_tag","embeddable":true,"href":"https:\/\/www.celec.gob.ec\/termopichincha\/wp-json\/wp\/v2\/tags?post=774"}],"curies":[{"name":"wp","href":"https:\/\/api.w.org\/{rel}","templated":true}]}}