{"id":10467,"date":"2025-09-04T14:22:15","date_gmt":"2025-09-04T19:22:15","guid":{"rendered":"https:\/\/www.celec.gob.ec\/transelectric\/?p=10467"},"modified":"2025-09-29T14:25:25","modified_gmt":"2025-09-29T19:25:25","slug":"se-amplia-la-subestacion-el-inga-para-mejorar-el-suministro-electrico-en-la-zona-industrial-de-quito","status":"publish","type":"post","link":"https:\/\/www.celec.gob.ec\/transelectric\/uncategorized\/se-amplia-la-subestacion-el-inga-para-mejorar-el-suministro-electrico-en-la-zona-industrial-de-quito\/","title":{"rendered":"Se ampl\u00eda la subestaci\u00f3n El Inga para mejorar el suministro el\u00e9ctrico en la zona industrial de Quito"},"content":{"rendered":"\n<p>El Gobierno Nacional, a trav\u00e9s de la Corporaci\u00f3n El\u00e9ctrica del Ecuador \u2013 CELEC EP, fortalece la entrega del servicio el\u00e9ctrico para impulsar el desarrollo de la zona industrial del Distrito Metropolitano de Quito y de sus parroquias nororientales.<\/p>\n\n\n\n<p>Con este prop\u00f3sito, se ampli\u00f3 la subestaci\u00f3n El Inga, con una inversi\u00f3n de 1,5 millones de d\u00f3lares. D\u00edas atr\u00e1s se energizaron dos nuevas bah\u00edas en el patio de 138 mil voltios, con lo que se incrementa la confiabilidad del servicio de transmisi\u00f3n que recibe la distribuidora Empresa El\u00e9ctrica Quito (EEQ).<\/p>\n\n\n\n<p>Los nuevos puntos de conexi\u00f3n permitir\u00e1n redistribuir la energ\u00eda de manera m\u00e1s eficiente, aliviar la cantidad que transportan las l\u00edneas existentes y asegurar un servicio continuo para familias y empresas que sostienen el crecimiento econ\u00f3mico del sector.<\/p>\n\n\n\n<p>La subestaci\u00f3n El Inga cumple un papel estrat\u00e9gico en el Sistema de Transmisi\u00f3n de 500 mil voltios, al recibir la energ\u00eda de la central hidroel\u00e9ctrica Coca Codo Sinclair y garantizar su entrega segura hacia Quito y otras zonas del pa\u00eds.<\/p>\n\n\n\n<p>El Gobierno de El Nuevo Ecuador reafirma su compromiso con el pa\u00eds, a trav\u00e9s del fortalecimiento del sector el\u00e9ctrico, fomentando as\u00ed el desarrollo y la productividad nacional.<\/p>\n\n\n<div class=\"wp-block-image\">\n<figure class=\"aligncenter size-full is-resized\"><img loading=\"lazy\" decoding=\"async\" width=\"600\" height=\"400\" src=\"https:\/\/www.celec.gob.ec\/transelectric\/wp-content\/uploads\/2025\/09\/4setpImga.png\" alt=\"\" class=\"wp-image-10468\" style=\"width:628px;height:auto\" srcset=\"https:\/\/www.celec.gob.ec\/transelectric\/wp-content\/uploads\/2025\/09\/4setpImga.png 600w, https:\/\/www.celec.gob.ec\/transelectric\/wp-content\/uploads\/2025\/09\/4setpImga-300x200.png 300w\" sizes=\"auto, (max-width: 600px) 100vw, 600px\" \/><\/figure>\n<\/div>","protected":false},"excerpt":{"rendered":"<p>El Gobierno Nacional, a trav\u00e9s de la Corporaci\u00f3n El\u00e9ctrica del Ecuador \u2013 CELEC EP, fortalece la entrega del servicio el\u00e9ctrico para impulsar el desarrollo de la zona industrial del Distrito Metropolitano de Quito y de sus parroquias nororientales. Con este prop\u00f3sito, se ampli\u00f3 la subestaci\u00f3n El Inga, con una inversi\u00f3n de 1,5 millones de d\u00f3lares. [&hellip;]<\/p>\n","protected":false},"author":3,"featured_media":10468,"comment_status":"open","ping_status":"open","sticky":false,"template":"","format":"standard","meta":{"_acf_changed":false,"inline_featured_image":false,"_themeisle_gutenberg_block_has_review":false,"footnotes":""},"categories":[1],"tags":[],"class_list":["post-10467","post","type-post","status-publish","format-standard","has-post-thumbnail","hentry","category-uncategorized"],"acf":[],"_links":{"self":[{"href":"https:\/\/www.celec.gob.ec\/transelectric\/wp-json\/wp\/v2\/posts\/10467","targetHints":{"allow":["GET"]}}],"collection":[{"href":"https:\/\/www.celec.gob.ec\/transelectric\/wp-json\/wp\/v2\/posts"}],"about":[{"href":"https:\/\/www.celec.gob.ec\/transelectric\/wp-json\/wp\/v2\/types\/post"}],"author":[{"embeddable":true,"href":"https:\/\/www.celec.gob.ec\/transelectric\/wp-json\/wp\/v2\/users\/3"}],"replies":[{"embeddable":true,"href":"https:\/\/www.celec.gob.ec\/transelectric\/wp-json\/wp\/v2\/comments?post=10467"}],"version-history":[{"count":1,"href":"https:\/\/www.celec.gob.ec\/transelectric\/wp-json\/wp\/v2\/posts\/10467\/revisions"}],"predecessor-version":[{"id":10469,"href":"https:\/\/www.celec.gob.ec\/transelectric\/wp-json\/wp\/v2\/posts\/10467\/revisions\/10469"}],"wp:featuredmedia":[{"embeddable":true,"href":"https:\/\/www.celec.gob.ec\/transelectric\/wp-json\/wp\/v2\/media\/10468"}],"wp:attachment":[{"href":"https:\/\/www.celec.gob.ec\/transelectric\/wp-json\/wp\/v2\/media?parent=10467"}],"wp:term":[{"taxonomy":"category","embeddable":true,"href":"https:\/\/www.celec.gob.ec\/transelectric\/wp-json\/wp\/v2\/categories?post=10467"},{"taxonomy":"post_tag","embeddable":true,"href":"https:\/\/www.celec.gob.ec\/transelectric\/wp-json\/wp\/v2\/tags?post=10467"}],"curies":[{"name":"wp","href":"https:\/\/api.w.org\/{rel}","templated":true}]}}