{"id":4477,"date":"2018-10-09T14:34:35","date_gmt":"2018-10-09T19:34:35","guid":{"rendered":"https:\/\/www.celec.gob.ec\/transelectric\/?p=1806"},"modified":"2018-10-09T14:34:35","modified_gmt":"2018-10-09T19:34:35","slug":"sector-electrico-trabaja-conjuntamente-para-mejorar-el-abastecimiento-de-energia-al-parque-industrial-del-canton-duran","status":"publish","type":"post","link":"https:\/\/www.celec.gob.ec\/transelectric\/uncategorized\/sector-electrico-trabaja-conjuntamente-para-mejorar-el-abastecimiento-de-energia-al-parque-industrial-del-canton-duran\/","title":{"rendered":"Sector el\u00e9ctrico trabaja conjuntamente para mejorar el abastecimiento de energ\u00eda al parque industrial del cant\u00f3n Dur\u00e1n"},"content":{"rendered":"<p style=\"margin-top: 15px; margin-bottom: 15px; color: #2f2f2f; font-family: \" Condensed\";=\"Condensed\";\" font-size:=\"font-size:\" 14px;=\"14px;\" font-style:=\"font-style:\" normal;=\"normal;\" font-weight:=\"font-weight:\" 300;=\"300;\" text-align:=\"text-align:\" justify;\"=\"justify;\"\"><span style=\"font-family: arial, helvetica, sans-serif; font-size: 10pt;\">El pasado martes 30 de octubre, t\u00e9cnicos de la Corporaci\u00f3n El\u00e9ctrica del Ecuador (CELEC EP) y autoridades de la Corporaci\u00f3n Nacional de Electricidad (CNEL EP), conjuntamente con representantes de la C\u00e1mara de Industrias de Dur\u00e1n, realizaron un recorrido en la nueva subestaci\u00f3n Dur\u00e1n a 230 kV, para constatar el avance de la obra.<\/span><\/p>\n<p style=\"margin-top: 15px; margin-bottom: 15px; color: #2f2f2f; font-family: \" Condensed\";=\"Condensed\";\" font-size:=\"font-size:\" 14px;=\"14px;\" font-style:=\"font-style:\" normal;=\"normal;\" font-weight:=\"font-weight:\" 300;=\"300;\" text-align:=\"text-align:\" justify;\"=\"justify;\"\"><span style=\"font-family: arial, helvetica, sans-serif; font-size: 10pt;\">Alfredo Camacho, jefe de obra de la subestaci\u00f3n Dur\u00e1n, explic\u00f3 el funcionamiento de este sistema, mismo que ser\u00e1 un nuevo punto de conexi\u00f3n del Sistema Nacional de Transmisi\u00f3n (SNT) con la provincia del Guayas y mejorar\u00e1 el abastecimiento para el parque industrial del cant\u00f3n Dur\u00e1n, a trav\u00e9s de la empresa distribuidora CNEL EP.<\/span><\/p>\n<p style=\"margin-top: 15px; margin-bottom: 15px; color: #2f2f2f; font-family: \" Condensed\";=\"Condensed\";\" font-size:=\"font-size:\" 14px;=\"14px;\" font-style:=\"font-style:\" normal;=\"normal;\" font-weight:=\"font-weight:\" 300;=\"300;\" text-align:=\"text-align:\" center;\"=\"center;\"\"><span style=\"font-family: arial, helvetica, sans-serif; font-size: 10pt;\"><img loading=\"lazy\" decoding=\"async\" class=\" size-full wp-image-1802\" alt=\"1duran22\" height=\"334\" width=\"500\" src=\"https:\/\/www.celec.gob.ec\/transelectric\/wp-content\/uploads\/2018\/11\/1duran22.jpg\" \/><br \/><\/span><\/p>\n<p style=\"margin-top: 15px; margin-bottom: 15px; color: #2f2f2f; font-family: \" Condensed\";=\"Condensed\";\" font-size:=\"font-size:\" 14px;=\"14px;\" font-style:=\"font-style:\" normal;=\"normal;\" font-weight:=\"font-weight:\" 300;=\"300;\" text-align:=\"text-align:\" justify;\"=\"justify;\"\"><span style=\"font-family: arial, helvetica, sans-serif; font-size: 10pt;\">Asimismo, indic\u00f3 que esta es la primera subestaci\u00f3n de la provincia del Guayas que mantiene un esquema de doble barra, lo cual ayuda a la confiabilidad durante la transmisi\u00f3n de energ\u00eda.<\/span><\/p>\n<p style=\"margin-top: 15px; margin-bottom: 15px; color: #2f2f2f; font-family: \" Condensed\";=\"Condensed\";\" font-size:=\"font-size:\" 14px;=\"14px;\" font-style:=\"font-style:\" normal;=\"normal;\" font-weight:=\"font-weight:\" 300;=\"300;\" text-align:=\"text-align:\" justify;\"=\"justify;\"\"><span style=\"font-family: arial, helvetica, sans-serif; font-size: 10pt;\">La nueva subestaci\u00f3n optimizar\u00e1 la calidad del suministro el\u00e9ctrico, no solamente porque tiene una capacidad instalada adicional de 225 MVA, sino porque ser\u00e1 un nuevo punto de conexi\u00f3n al SNT a nivel de 69 kV para CNEL EP Guayas \u2013 Los R\u00edos. Tambi\u00e9n se descongestionar\u00e1 la carga del corredor energ\u00e9tico Pascuales &#8211; Dos Cerritos \u2013 Milagro. De esa forma, se mejorar\u00e1 la calidad del servicio el\u00e9ctrico en esta importante zona y fortalecer\u00e1 el anillo el\u00e9ctrico a 230 kV en Guayaquil.<\/span><\/p>\n<p style=\"margin-top: 15px; margin-bottom: 15px; color: #2f2f2f; font-family: \" Condensed\";=\"Condensed\";\" font-size:=\"font-size:\" 14px;=\"14px;\" font-style:=\"font-style:\" normal;=\"normal;\" font-weight:=\"font-weight:\" 300;=\"300;\" text-align:=\"text-align:\" center;\"=\"center;\"\"><span style=\"font-family: arial, helvetica, sans-serif; font-size: 10pt;\"><img loading=\"lazy\" decoding=\"async\" class=\" size-full wp-image-1803\" alt=\"1duran33\" height=\"334\" width=\"500\" src=\"https:\/\/www.celec.gob.ec\/transelectric\/wp-content\/uploads\/2018\/11\/1duran33.jpg\" \/><br \/><\/span><\/p>\n<p style=\"margin-top: 15px; margin-bottom: 15px; color: #2f2f2f; font-family: \" Condensed\";=\"Condensed\";\" font-size:=\"font-size:\" 14px;=\"14px;\" font-style:=\"font-style:\" normal;=\"normal;\" font-weight:=\"font-weight:\" 300;=\"300;\" text-align:=\"text-align:\" justify;\"=\"justify;\"\"><span style=\"font-family: arial, helvetica, sans-serif; font-size: 10pt;\">Por su parte el Gerente General de CNEL EP, Wilfrido Veintimilla indic\u00f3 que una vez puesta en operaci\u00f3n la Subestaci\u00f3n Dur\u00e1n, se conectar\u00e1 la primera l\u00ednea de subtransmisi\u00f3n construida por CNEL EP, que tiene una extensi\u00f3n de 2,3 kil\u00f3metros y una capacidad de 36 MW.<\/span><\/p>\n<p style=\"margin-top: 15px; margin-bottom: 15px; color: #2f2f2f; font-family: \" Condensed\";=\"Condensed\";\" font-size:=\"font-size:\" 14px;=\"14px;\" font-style:=\"font-style:\" normal;=\"normal;\" font-weight:=\"font-weight:\" 300;=\"300;\" text-align:=\"text-align:\" justify;\"=\"justify;\"\"><span style=\"font-family: arial, helvetica, sans-serif; font-size: 10pt;\">Adem\u00e1s ratifico que la construcci\u00f3n de las cuatro l\u00edneas restantes de 69 kV, concluir\u00e1 en agosto de 2019. \u201cLa puesta en operaci\u00f3n de estas cuatro l\u00edneas de subtransmisi\u00f3n ubicadas sobre las v\u00edas Dur\u00e1n &#8211; Boliche (10,5 km) y Dur\u00e1n \u2013Tambo (14,5 km), garantizar\u00e1n la provisi\u00f3n de un servicio de calidad durante los pr\u00f3ximos 15 a\u00f1os\u201d, asegur\u00f3 Veintimilla.<\/span><\/p>\n<p style=\"margin-top: 15px; margin-bottom: 15px; color: #2f2f2f; font-family: \" Condensed\";=\"Condensed\";\" font-size:=\"font-size:\" 14px;=\"14px;\" font-style:=\"font-style:\" normal;=\"normal;\" font-weight:=\"font-weight:\" 300;=\"300;\" text-align:=\"text-align:\" center;\"=\"center;\"\"><span style=\"font-family: arial, helvetica, sans-serif; font-size: 10pt;\"><img loading=\"lazy\" decoding=\"async\" class=\" size-full wp-image-1804\" alt=\"1duran11\" height=\"334\" width=\"500\" src=\"https:\/\/www.celec.gob.ec\/transelectric\/wp-content\/uploads\/2018\/11\/1duran11.jpg\" \/><br \/><\/span><\/p>\n<p style=\"margin-top: 15px; margin-bottom: 15px; color: #2f2f2f; font-family: \" Condensed\";=\"Condensed\";\" font-size:=\"font-size:\" 14px;=\"14px;\" font-style:=\"font-style:\" normal;=\"normal;\" font-weight:=\"font-weight:\" 300;=\"300;\" text-align:=\"text-align:\" justify;\"=\"justify;\"\"><span style=\"font-family: arial, helvetica, sans-serif; font-size: 10pt;\">Jos\u00e9 Alfredo \u00c1vila, presidente alterno de la C\u00e1mara de Industrias de Dur\u00e1n, indic\u00f3 que los empresarios del sector han esperado la ejecuci\u00f3n de esta obra desde hace varios a\u00f1os, ya que permite mejorar la calidad del servicio y abastecer las necesidades que tienen las industrias del cant\u00f3n.<\/span><\/p>\n<p style=\"margin-top: 15px; margin-bottom: 15px; color: #2f2f2f; font-family: \" Condensed\";=\"Condensed\";\" font-size:=\"font-size:\" 14px;=\"14px;\" font-style:=\"font-style:\" normal;=\"normal;\" font-weight:=\"font-weight:\" 300;=\"300;\" text-align:=\"text-align:\" justify;\"=\"justify;\"\"><span style=\"font-family: arial, helvetica, sans-serif; font-size: 10pt;\">De igual manera, indic\u00f3 que la subestaci\u00f3n trae consigo varios beneficios, ya que brinda la posibilidad de tener mayor disponibilidad de energ\u00eda, reduce las paralizaciones en las industrias, mayor eficiencia, baja costos y mejora el rendimiento de las compa\u00f1\u00edas.<\/span><\/p>\n<p style=\"margin-top: 15px; margin-bottom: 15px; color: #2f2f2f; font-family: \" Condensed\";=\"Condensed\";\" font-size:=\"font-size:\" 14px;=\"14px;\" font-style:=\"font-style:\" normal;=\"normal;\" font-weight:=\"font-weight:\" 300;=\"300;\" text-align:=\"text-align:\" justify;\"=\"justify;\"\"><span style=\"font-family: arial, helvetica, sans-serif; font-size: 10pt;\">Durante el recorrido, los empresarios observaron el transformador de 225 MVA, el cual arrib\u00f3, en d\u00edas pasados, desde el Puerto Mar\u00edtimo hacia la subestaci\u00f3n en medio de un operativo especial.<\/span><\/p>\n<p style=\"margin-top: 15px; margin-bottom: 15px; color: #2f2f2f; font-family: \" Condensed\";=\"Condensed\";\" font-size:=\"font-size:\" 14px;=\"14px;\" font-style:=\"font-style:\" normal;=\"normal;\" font-weight:=\"font-weight:\" 300;=\"300;\" text-align:=\"text-align:\" justify;\"=\"justify;\"\"><span style=\"font-family: arial, helvetica, sans-serif; font-size: 10pt;\">La obra, que gener\u00f3 1.100 plazas de trabajo, cuenta con una inversi\u00f3n aproximada de USD 27.7 millones y registra un avance de m\u00e1s del 90%. Est\u00e1 previsto que entre en operaci\u00f3n en las pr\u00f3ximas semanas; para ello, CELEC EP realiza todos los esfuerzos necesarios para culminar la obra en los plazos previstos, para lo cual se ejecutan los trabajos para el inicio del montaje electromec\u00e1nico y pruebas de puesta en servicio para su energizaci\u00f3n.<\/span><\/p>\n<p style=\"margin-top: 15px; margin-bottom: 15px; color: #2f2f2f; font-family: \" Condensed\";=\"Condensed\";\" font-size:=\"font-size:\" 14px;=\"14px;\" font-style:=\"font-style:\" normal;=\"normal;\" font-weight:=\"font-weight:\" 300;=\"300;\" text-align:=\"text-align:\" center;\"=\"center;\"\"><span style=\"font-family: arial, helvetica, sans-serif; font-size: 10pt;\"><img loading=\"lazy\" decoding=\"async\" class=\" size-full wp-image-1805\" alt=\"1duran44\" height=\"334\" width=\"500\" src=\"https:\/\/www.celec.gob.ec\/transelectric\/wp-content\/uploads\/2018\/11\/1duran44.jpg\" \/><br \/><\/span><\/p>\n<p style=\"margin-top: 15px; margin-bottom: 15px; color: #2f2f2f; font-family: \" Condensed\";=\"Condensed\";\" font-size:=\"font-size:\" 14px;=\"14px;\" font-style:=\"font-style:\" normal;=\"normal;\" font-weight:=\"font-weight:\" 300;=\"300;\" text-align:=\"text-align:\" justify;\"=\"justify;\"\"><span style=\"font-family: arial, helvetica, sans-serif; font-size: 10pt;\">El compromiso y el trabajo conjunto de las empresas p\u00fablicas del sector el\u00e9ctrico, CELEC EP y CNEL EP, permitir\u00e1n contribuir a mejorar la calidad del servicio el\u00e9ctrico en la provincia del Guayas, espec\u00edficamente del cant\u00f3n Dur\u00e1n.<\/span><\/p>\n","protected":false},"excerpt":{"rendered":"<p>El pasado martes 30 de octubre, t\u00e9cnicos de la Corporaci\u00f3n El\u00e9ctrica del Ecuador (CELEC EP) y autoridades de la Corporaci\u00f3n Nacional de Electricidad (CNEL EP), conjuntamente con representantes de la C\u00e1mara de Industrias de Dur\u00e1n, realizaron un recorrido en la nueva subestaci\u00f3n Dur\u00e1n a 230 kV, para constatar el avance de la obra. Alfredo Camacho, [&hellip;]<\/p>\n","protected":false},"author":1,"featured_media":4478,"comment_status":"open","ping_status":"open","sticky":false,"template":"","format":"standard","meta":{"_acf_changed":false,"inline_featured_image":false,"_themeisle_gutenberg_block_has_review":false,"footnotes":""},"categories":[1],"tags":[],"class_list":["post-4477","post","type-post","status-publish","format-standard","has-post-thumbnail","hentry","category-uncategorized"],"acf":[],"_links":{"self":[{"href":"https:\/\/www.celec.gob.ec\/transelectric\/wp-json\/wp\/v2\/posts\/4477","targetHints":{"allow":["GET"]}}],"collection":[{"href":"https:\/\/www.celec.gob.ec\/transelectric\/wp-json\/wp\/v2\/posts"}],"about":[{"href":"https:\/\/www.celec.gob.ec\/transelectric\/wp-json\/wp\/v2\/types\/post"}],"author":[{"embeddable":true,"href":"https:\/\/www.celec.gob.ec\/transelectric\/wp-json\/wp\/v2\/users\/1"}],"replies":[{"embeddable":true,"href":"https:\/\/www.celec.gob.ec\/transelectric\/wp-json\/wp\/v2\/comments?post=4477"}],"version-history":[{"count":0,"href":"https:\/\/www.celec.gob.ec\/transelectric\/wp-json\/wp\/v2\/posts\/4477\/revisions"}],"wp:featuredmedia":[{"embeddable":true,"href":"https:\/\/www.celec.gob.ec\/transelectric\/wp-json\/wp\/v2\/media\/4478"}],"wp:attachment":[{"href":"https:\/\/www.celec.gob.ec\/transelectric\/wp-json\/wp\/v2\/media?parent=4477"}],"wp:term":[{"taxonomy":"category","embeddable":true,"href":"https:\/\/www.celec.gob.ec\/transelectric\/wp-json\/wp\/v2\/categories?post=4477"},{"taxonomy":"post_tag","embeddable":true,"href":"https:\/\/www.celec.gob.ec\/transelectric\/wp-json\/wp\/v2\/tags?post=4477"}],"curies":[{"name":"wp","href":"https:\/\/api.w.org\/{rel}","templated":true}]}}