{"id":4486,"date":"2018-10-04T13:17:44","date_gmt":"2018-10-04T18:17:44","guid":{"rendered":"https:\/\/www.celec.gob.ec\/transelectric\/?p=645"},"modified":"2018-10-04T13:17:44","modified_gmt":"2018-10-04T18:17:44","slug":"tecnicos-especializados-realizaron-trabajos-de-mantenimiento-en-lineas-de-transmision-energizadas","status":"publish","type":"post","link":"https:\/\/www.celec.gob.ec\/transelectric\/uncategorized\/tecnicos-especializados-realizaron-trabajos-de-mantenimiento-en-lineas-de-transmision-energizadas\/","title":{"rendered":"T\u00e9cnicos especializados realizaron trabajos de mantenimiento en l\u00edneas de transmisi\u00f3n energizadas"},"content":{"rendered":"<p style=\"text-align: justify;\" align=\"center\"><span style=\"font-size: 10pt; font-family: arial, helvetica, sans-serif;\">La Corporaci\u00f3n El\u00e9ctrica del Ecuador CELEC EP realiz\u00f3, este jueves 4 de octubre, trabajos de mantenimiento en las l\u00edneas de transmisi\u00f3n con circuitos energizados. Eso fue posible gracias a la implementaci\u00f3n de equipos con nueva tecnolog\u00eda y t\u00e9cnicos altamente capacitados que realizan estos trabajos sin desconectar la l\u00ednea, por lo que no se producen interrupciones en el suministro de energ\u00eda el\u00e9ctrica.<\/span><\/p>\n<p style=\"text-align: justify;\"><span style=\"font-family: arial, helvetica, sans-serif; font-size: 10pt;\">Estos trabajos se realizan por segunda ocasi\u00f3n en este a\u00f1o en el pa\u00eds, utilizando el m\u00e9todo de \u201cA Potencial\u201d, en la l\u00ednea de transmisi\u00f3n Santa Rosa \u2013 Pomasqui a 230 kV, espec\u00edficamente en la torre 10, ubicada en el sector Santa Rosa, parroquia Cutuglahua del cant\u00f3n Mej\u00eda.<\/span><\/p>\n<p style=\"text-align: justify;\"><span style=\"font-family: arial, helvetica, sans-serif; font-size: 10pt;\">Los t\u00e9cnicos utilizaron trajes especiales para realizar el cambio de aisladores con el circuito energizado. Mediante esta t\u00e9cnica \u201cA Potencial\u201d, los t\u00e9cnicos entran en contacto el\u00e9ctrico con los conductores de la l\u00ednea de transmisi\u00f3n, poni\u00e9ndose a su mismo potencial (voltaje de 230 kV).<\/span><\/p>\n<p style=\"text-align: justify;\">\u00a0<\/p>\n<p style=\"text-align: center;\"><span style=\"font-family: arial, helvetica, sans-serif; font-size: 10pt;\"><img loading=\"lazy\" decoding=\"async\" class=\" size-full wp-image-641\" alt=\"2\" height=\"333\" width=\"500\" src=\"https:\/\/www.celec.gob.ec\/transelectric\/wp-content\/uploads\/2018\/10\/2.jpg\" \/><\/span><\/p>\n<p style=\"text-align: center;\"><span style=\"font-family: arial, helvetica, sans-serif; font-size: 10pt;\"><img loading=\"lazy\" decoding=\"async\" class=\" size-full wp-image-642\" alt=\"3\" height=\"333\" width=\"500\" src=\"https:\/\/www.celec.gob.ec\/transelectric\/wp-content\/uploads\/2018\/10\/3.jpg\" \/><br \/><\/span><\/p>\n<p style=\"text-align: justify;\"><span style=\"font-family: arial, helvetica, sans-serif; font-size: 10pt;\">Para la realizaci\u00f3n de estos trabajos se aplican rigurosas medidas para garantizar la seguridad del personal y de las instalaciones del sistema. Los t\u00e9cnicos utilizaron traje especial conductivo, constituido por un conjunto de prendas, que el\u00e9ctricamente unidas forman un campo para su protecci\u00f3n, explic\u00f3 el Ing. Fabi\u00e1n Calero Vela, jefe de la zona nororiental de la Unidad de Negocio CELEC EP TRANSELECTRIC.<\/span><\/p>\n<p style=\"text-align: justify;\"><span style=\"font-family: arial, helvetica, sans-serif; font-size: 10pt;\">Varios profesionales de la Corporaci\u00f3n se capacitaron para el uso de los nuevos equipos, a trav\u00e9s de un entrenamiento te\u00f3rico y pr\u00e1ctico, dirigido por especialistas de la empresa A.B.CHANCE, de Estados Unidos.<\/span><\/p>\n<p style=\"text-align: justify;\"><span style=\"font-family: arial, helvetica, sans-serif; font-size: 10pt;\">Jos\u00e9 Naula, t\u00e9cnico que entr\u00f3 en contacto el\u00e9ctrico con el voltaje de 230 kV, al relatar su experiencia con las redes de alta tensi\u00f3n, manifest\u00f3 que el \u00e9xito de estos trabajos est\u00e1 en el equipo y trajes que se utilizan en este tipo de mantenimientos. \u201cEstamos capacitados para hacer estas actividades de riesgo gracias a la preparaci\u00f3n constante que nos facilita la empresa\u201d, relat\u00f3 en medio del aplauso de sus compa\u00f1eros de equipo.<\/span><\/p>\n<p style=\"text-align: justify;\"><span style=\"font-family: arial, helvetica, sans-serif; font-size: 10pt;\">Estas acciones, evidencian que el sector el\u00e9ctrico ecuatoriano se actualiza con equipos de \u00faltima generaci\u00f3n y capacita a sus t\u00e9cnicos para brindar al pa\u00eds un servicio de energ\u00eda continuo y de calidad.<\/span><\/p>\n<p style=\"text-align: center;\"><span style=\"font-family: arial, helvetica, sans-serif; font-size: 10pt;\"><img loading=\"lazy\" decoding=\"async\" class=\" size-full wp-image-643\" alt=\"5\" height=\"333\" width=\"500\" src=\"https:\/\/www.celec.gob.ec\/transelectric\/wp-content\/uploads\/2018\/10\/5.jpg\" \/><\/span><\/p>\n<p style=\"text-align: center;\"><span style=\"font-family: arial, helvetica, sans-serif; font-size: 10pt;\"><img loading=\"lazy\" decoding=\"async\" class=\" size-full wp-image-644\" alt=\"1\" height=\"333\" width=\"500\" src=\"https:\/\/www.celec.gob.ec\/transelectric\/wp-content\/uploads\/2018\/10\/1.jpg\" \/><br \/><\/span><\/p>\n<p style=\"text-align: justify;\">\u00a0<\/p>\n<p style=\"text-align: justify;\">\u00a0<\/p>\n<p>\u00a0<\/p>\n<p>\u00a0<\/p>\n<p>\u00a0<\/p>\n<p>equipos de \u00faltima generaci\u00f3n y capacita a sus t\u00e9cnicos para brindar al pa\u00eds un servicio de energ\u00eda continuo y de calidad.<\/p>\n","protected":false},"excerpt":{"rendered":"<p>La Corporaci\u00f3n El\u00e9ctrica del Ecuador CELEC EP realiz\u00f3, este jueves 4 de octubre, trabajos de mantenimiento en las l\u00edneas de transmisi\u00f3n con circuitos energizados. Eso fue posible gracias a la implementaci\u00f3n de equipos con nueva tecnolog\u00eda y t\u00e9cnicos altamente capacitados que realizan estos trabajos sin desconectar la l\u00ednea, por lo que no se producen interrupciones [&hellip;]<\/p>\n","protected":false},"author":1,"featured_media":4487,"comment_status":"open","ping_status":"open","sticky":false,"template":"","format":"standard","meta":{"_acf_changed":false,"inline_featured_image":false,"_themeisle_gutenberg_block_has_review":false,"footnotes":""},"categories":[1],"tags":[],"class_list":["post-4486","post","type-post","status-publish","format-standard","has-post-thumbnail","hentry","category-uncategorized"],"acf":[],"_links":{"self":[{"href":"https:\/\/www.celec.gob.ec\/transelectric\/wp-json\/wp\/v2\/posts\/4486","targetHints":{"allow":["GET"]}}],"collection":[{"href":"https:\/\/www.celec.gob.ec\/transelectric\/wp-json\/wp\/v2\/posts"}],"about":[{"href":"https:\/\/www.celec.gob.ec\/transelectric\/wp-json\/wp\/v2\/types\/post"}],"author":[{"embeddable":true,"href":"https:\/\/www.celec.gob.ec\/transelectric\/wp-json\/wp\/v2\/users\/1"}],"replies":[{"embeddable":true,"href":"https:\/\/www.celec.gob.ec\/transelectric\/wp-json\/wp\/v2\/comments?post=4486"}],"version-history":[{"count":0,"href":"https:\/\/www.celec.gob.ec\/transelectric\/wp-json\/wp\/v2\/posts\/4486\/revisions"}],"wp:featuredmedia":[{"embeddable":true,"href":"https:\/\/www.celec.gob.ec\/transelectric\/wp-json\/wp\/v2\/media\/4487"}],"wp:attachment":[{"href":"https:\/\/www.celec.gob.ec\/transelectric\/wp-json\/wp\/v2\/media?parent=4486"}],"wp:term":[{"taxonomy":"category","embeddable":true,"href":"https:\/\/www.celec.gob.ec\/transelectric\/wp-json\/wp\/v2\/categories?post=4486"},{"taxonomy":"post_tag","embeddable":true,"href":"https:\/\/www.celec.gob.ec\/transelectric\/wp-json\/wp\/v2\/tags?post=4486"}],"curies":[{"name":"wp","href":"https:\/\/api.w.org\/{rel}","templated":true}]}}