{"id":4499,"date":"2018-08-30T21:30:42","date_gmt":"2018-08-31T02:30:42","guid":{"rendered":"https:\/\/www.celec.gob.ec\/transelectric\/?p=632"},"modified":"2018-08-30T21:30:42","modified_gmt":"2018-08-31T02:30:42","slug":"en-imbabura-se-socializo-la-construccion-del-sistema-de-transmision-pimampiro-a-230-138-kv","status":"publish","type":"post","link":"https:\/\/www.celec.gob.ec\/transelectric\/uncategorized\/en-imbabura-se-socializo-la-construccion-del-sistema-de-transmision-pimampiro-a-230-138-kv\/","title":{"rendered":"En Imbabura se socializ\u00f3 la construcci\u00f3n del Sistema de Transmisi\u00f3n Pimampiro a 230\/138 kV"},"content":{"rendered":"<p align=\"right\"><span style=\"font-family: arial, helvetica, sans-serif;\">Quito, 31 de agosto de 2018<\/span><\/p>\n<p><span style=\"font-family: arial, helvetica, sans-serif;\">El jueves 30 de agosto de 2018, se desarroll\u00f3 en Pimampiro, provincia de Imbabura, la socializaci\u00f3n sobre los beneficios e importancia de la ejecuci\u00f3n del\u00c2\u00a0 Sistema de Transmisi\u00f3n Pimampiro a 230\/138 kV.<\/span><\/p>\n<p><span style=\"font-family: arial, helvetica, sans-serif;\">La Corporaci\u00f3n El\u00e8ctrica del Ecuador, CELEC EP, a trav\u00e9s de su Unidad de Negocio Transelectric, construye el sistema de transmisi\u00f3n Pimampiro a 230\/138 kV, que garantizar\u00e1 el abastecimiento de la demanda de energ\u00eda el\u00e9ctrica actual y futura de las provincias de Imbabura y Carchi.<\/span><\/p>\n<p style=\"text-align: center;\"><span style=\"font-family: arial, helvetica, sans-serif;\"><img loading=\"lazy\" decoding=\"async\" class=\" size-full wp-image-629\" alt=\"pimam3\" height=\"400\" width=\"600\" src=\"https:\/\/www.celec.gob.ec\/transelectric\/wp-content\/uploads\/2018\/08\/pimam3.jpg\" \/><br \/><\/span><\/p>\n<p><span style=\"font-family: arial, helvetica, sans-serif;\">Los talleres con los habitantes de las zona de influencia tuvieron como objetivo difundir la informaci\u00f3n de la actividad de transmisi\u00f3n de energ\u00eda, sus proyectos y obras, la importancia dentro de la cadena productiva del servicio el\u00e9ctrico y sus beneficios para la zona.<\/span><\/p>\n<p><span style=\"font-family: arial, helvetica, sans-serif;\">Con el Sistema de Transmisi\u00f3n Pimampiro a 230\/138 kV, se prev\u00e9 incrementar la confiabilidad del servicio de la Empresa El\u00e9ctrica Regional Norte \u2013 EMELNORTE- y garantizar su abastecimiento con la incorporaci\u00f3n de un segundo punto de conexi\u00f3n desde el Sistema Nacional de Transmisi\u00f3n, y se constituye en la nueva frontera el\u00e9ctrica para las transacciones internacionales de electricidad con Colombia.<\/span><\/p>\n<p><span style=\"font-family: arial, helvetica, sans-serif;\">Las obras que comprenden este sistema son:<\/span><\/p>\n<ul>\n<li><span style=\"font-family: arial, helvetica, sans-serif;\"><b>Construcci\u00f3n de la subestaci\u00f3n Pimampiro 230\/138 kV, 225 MVA.<\/b><\/span><\/li>\n<li><span style=\"font-family: arial, helvetica, sans-serif;\"><b>Construcci\u00f3n de tramos de l\u00ednea de transmisi\u00f3n para la conexi\u00f3n de la subestaci\u00f3n Pimampiro a los cuatro circuitos de la Interconexi\u00f3n Ecuador \u2013 Colombia 230 kV.<\/b><\/span><\/li>\n<li><b style=\"font-family: arial, helvetica, sans-serif; font-style: inherit; text-align: center;\">Construcci\u00f3n de un tramo de l\u00ednea de transmisi\u00f3n para la conexi\u00f3n de la subestaci\u00f3n Pimampiro con la l\u00ednea de transmisi\u00f3n Ibarra \u2013 Tulc\u00e1n a 138 kV.<\/b><\/li>\n<\/ul>\n<p>\u00a0<\/p>\n<p style=\"text-align: center;\"><img loading=\"lazy\" decoding=\"async\" class=\" size-full wp-image-630\" alt=\"pimam2\" height=\"400\" width=\"600\" src=\"https:\/\/www.celec.gob.ec\/transelectric\/wp-content\/uploads\/2018\/08\/pimam2.jpg\" \/><\/p>\n<p style=\"text-align: center;\"><img loading=\"lazy\" decoding=\"async\" class=\" size-full wp-image-631\" alt=\"pimam1\" height=\"400\" width=\"600\" src=\"https:\/\/www.celec.gob.ec\/transelectric\/wp-content\/uploads\/2018\/08\/pimam1.jpg\" \/><\/p>\n<ul>\n<\/ul>\n","protected":false},"excerpt":{"rendered":"<p>Quito, 31 de agosto de 2018 El jueves 30 de agosto de 2018, se desarroll\u00f3 en Pimampiro, provincia de Imbabura, la socializaci\u00f3n sobre los beneficios e importancia de la ejecuci\u00f3n del\u00c2\u00a0 Sistema de Transmisi\u00f3n Pimampiro a 230\/138 kV. La Corporaci\u00f3n El\u00e8ctrica del Ecuador, CELEC EP, a trav\u00e9s de su Unidad de Negocio Transelectric, construye el [&hellip;]<\/p>\n","protected":false},"author":1,"featured_media":4500,"comment_status":"open","ping_status":"open","sticky":false,"template":"","format":"standard","meta":{"_acf_changed":false,"inline_featured_image":false,"_themeisle_gutenberg_block_has_review":false,"footnotes":""},"categories":[1],"tags":[],"class_list":["post-4499","post","type-post","status-publish","format-standard","has-post-thumbnail","hentry","category-uncategorized"],"acf":[],"_links":{"self":[{"href":"https:\/\/www.celec.gob.ec\/transelectric\/wp-json\/wp\/v2\/posts\/4499","targetHints":{"allow":["GET"]}}],"collection":[{"href":"https:\/\/www.celec.gob.ec\/transelectric\/wp-json\/wp\/v2\/posts"}],"about":[{"href":"https:\/\/www.celec.gob.ec\/transelectric\/wp-json\/wp\/v2\/types\/post"}],"author":[{"embeddable":true,"href":"https:\/\/www.celec.gob.ec\/transelectric\/wp-json\/wp\/v2\/users\/1"}],"replies":[{"embeddable":true,"href":"https:\/\/www.celec.gob.ec\/transelectric\/wp-json\/wp\/v2\/comments?post=4499"}],"version-history":[{"count":0,"href":"https:\/\/www.celec.gob.ec\/transelectric\/wp-json\/wp\/v2\/posts\/4499\/revisions"}],"wp:featuredmedia":[{"embeddable":true,"href":"https:\/\/www.celec.gob.ec\/transelectric\/wp-json\/wp\/v2\/media\/4500"}],"wp:attachment":[{"href":"https:\/\/www.celec.gob.ec\/transelectric\/wp-json\/wp\/v2\/media?parent=4499"}],"wp:term":[{"taxonomy":"category","embeddable":true,"href":"https:\/\/www.celec.gob.ec\/transelectric\/wp-json\/wp\/v2\/categories?post=4499"},{"taxonomy":"post_tag","embeddable":true,"href":"https:\/\/www.celec.gob.ec\/transelectric\/wp-json\/wp\/v2\/tags?post=4499"}],"curies":[{"name":"wp","href":"https:\/\/api.w.org\/{rel}","templated":true}]}}