{"id":4507,"date":"2018-06-26T21:07:43","date_gmt":"2018-06-27T02:07:43","guid":{"rendered":"https:\/\/www.celec.gob.ec\/transelectric\/?p=624"},"modified":"2018-06-26T21:07:43","modified_gmt":"2018-06-27T02:07:43","slug":"gonzalo-uquillas-nuevo-gerente-general-de-celec-ep-ratifico-mi-compromiso-por-el-futuro-y-la-gestion-de-los-proyectos","status":"publish","type":"post","link":"https:\/\/www.celec.gob.ec\/transelectric\/uncategorized\/gonzalo-uquillas-nuevo-gerente-general-de-celec-ep-ratifico-mi-compromiso-por-el-futuro-y-la-gestion-de-los-proyectos\/","title":{"rendered":"GONZALO UQUILLAS NUEVO GERENTE GENERAL DE CELEC EP: \u201cRATIFICO MI COMPROMISO POR EL FUTURO Y LA GESTI\u00d3N DE LOS PROYECTOS\u201d"},"content":{"rendered":"<p style=\"margin-top: 11.25pt; margin-right: 0cm; margin-bottom: 11.25pt; margin-left: 0cm; text-align: justify; background: white;\">\u00a0<\/p>\n<p style=\"margin: 11.25pt 0cm; background: white; text-align: center;\"><img loading=\"lazy\" decoding=\"async\" class=\" size-full wp-image-623\" src=\"https:\/\/www.celec.gob.ec\/transelectric\/wp-content\/uploads\/2018\/07\/uquillas1.png\" width=\"600\" height=\"425\" \/><\/p>\n<p style=\"margin-top: 11.25pt; margin-right: 0cm; margin-bottom: 11.25pt; margin-left: 0cm; text-align: justify; background: white;\">\u00a0<\/p>\n<p style=\"margin-top: 11.25pt; margin-right: 0cm; margin-bottom: 11.25pt; margin-left: 0cm; text-align: justify; background: white;\">\u00a0<\/p>\n<p style=\"margin-top: 11.25pt; margin-right: 0cm; margin-bottom: 11.25pt; margin-left: 0cm; text-align: justify; background: white;\"><span style=\"font-family: arial, helvetica, sans-serif; font-size: 10pt;\">En la sede de la Corporaci\u00f3n El\u00e9ctrica del Ecuador (CELEC EP) en Cuenca, este 26 de julio de 2018, el delegado del Ministro de Energ\u00eda y Electricidad, Ing. Hernando Merch\u00e1n, present\u00f3 a los coordinadores de la matriz al nuevo Gerente General Ing. Gonzalo Uquillas, Durante la presentaci\u00f3n, el Ing. Hernando Merch\u00e1n, indic\u00f3 los ejes principales que la nueva autoridad deber\u00e1 seguir consolidando en la instituci\u00f3n: eficiencia, transparencia y solvencia t\u00e9cnica.<\/span><\/p>\n<p style=\"margin-top: 11.25pt; margin-right: 0cm; margin-bottom: 11.25pt; margin-left: 0cm; text-align: justify; background: white; font-variant-ligatures: normal; font-variant-caps: normal; orphans: 2; widows: 2; text-decoration-style: initial; text-decoration-color: initial; word-spacing: 0px;\"><span style=\"font-family: arial, helvetica, sans-serif; font-size: 10pt;\">Al respecto, Gonzalo Uquillas, resalt\u00f3 el reto y desaf\u00edo asumido para lograr un cumplimiento cabal y exitoso con el aporte de todos los funcionarios. Asimismo, se\u00f1al\u00f3 su objetivo de impulsar una visi\u00f3n explorando nuevos negocios: desarrollar incentivos en comit\u00e9s de empresas y buscar la sostenibilidad del sector el\u00e9ctrico.<\/span><\/p>\n<p style=\"margin-top: 11.25pt; margin-right: 0cm; margin-bottom: 11.25pt; margin-left: 0cm; text-align: justify; background: white; font-variant-ligatures: normal; font-variant-caps: normal; orphans: 2; widows: 2; text-decoration-style: initial; text-decoration-color: initial; word-spacing: 0px;\"><span style=\"font-family: arial, helvetica, sans-serif; font-size: 10pt;\">Por otra parte, su gesti\u00f3n se enfocar\u00e1 en un relacionamiento con la sociedad y el medio ambiente, adem\u00e1s de posicionar la marca CELEC, con el objetivo de ser reconocida por su innovaci\u00f3n y alianzas estrat\u00e9gicas con acercamientos institucionales.<\/span><\/p>\n<p style=\"margin-top: 11.25pt; margin-right: 0cm; margin-bottom: 11.25pt; margin-left: 0cm; text-align: justify; background: white; font-variant-ligatures: normal; font-variant-caps: normal; orphans: 2; widows: 2; text-decoration-style: initial; text-decoration-color: initial; word-spacing: 0px;\"><span style=\"font-family: arial, helvetica, sans-serif; font-size: 10pt;\">\u201cRatifico mi compromiso por el futuro y la gesti\u00f3n de los proyectos en marcha, iniciamos una nueva administraci\u00f3n con la instituci\u00f3n m\u00e1s grande del pa\u00eds\u201d, mencion\u00f3 Uquillas al culminar su presentaci\u00f3n.<\/span><\/p>\n<p style=\"margin-top: 11.25pt; margin-right: 0cm; margin-bottom: 11.25pt; margin-left: 0cm; text-align: justify; background: white; font-variant-ligatures: normal; font-variant-caps: normal; orphans: 2; widows: 2; text-decoration-style: initial; text-decoration-color: initial; word-spacing: 0px;\"><span style=\"font-family: arial, helvetica, sans-serif; font-size: 10pt;\">El Directorio de la Corporaci\u00f3n El\u00e9ctrica del Ecuador, CELEC EP, resolvi\u00f3 en d\u00edas pasados la idoneidad del funcionario por su amplia trayectoria en administraci\u00f3n, operaci\u00f3n y control en sistemas el\u00e9ctricos. El Ing. Gonzalo Uquillas, profesional con 40 a\u00f1os de experiencia, fue posesionado como el nuevo Gerente General de la Corporaci\u00f3n, este jueves 26 de julio, bajo las atribuciones y deberes establecidos en la Ley Org\u00e1nica de Empresas P\u00fablicas.<\/span><\/p>\n<p style=\"margin-top: 11.25pt; margin-right: 0cm; margin-bottom: 11.25pt; margin-left: 0cm; text-align: justify; background: white; font-variant-ligatures: normal; font-variant-caps: normal; orphans: 2; widows: 2; text-decoration-style: initial; text-decoration-color: initial; word-spacing: 0px;\"><span style=\"font-family: arial, helvetica, sans-serif; font-size: 10pt;\">Lojano de nacimiento e ingeniero el\u00e9ctrico por la Escuela Polit\u00e9cnica Nacional (EPN), el Ing. Uquillas cuenta con un M\u00e1ster en Ingenier\u00eda El\u00e9ctrica -MEE, en la Universidad De Idaho, EE. UU., y un MBA en el IDE Businnes School que finaliz\u00f3 como parte del Programa de Alta Direcci\u00f3n de Empresas. Adem\u00e1s, su experiencia institucional se enmarca en la innovaci\u00f3n, modernizaci\u00f3n y cero tolerancias a la corrupci\u00f3n.<\/span><\/p>\n","protected":false},"excerpt":{"rendered":"<p>\u00a0 \u00a0 \u00a0 En la sede de la Corporaci\u00f3n El\u00e9ctrica del Ecuador (CELEC EP) en Cuenca, este 26 de julio de 2018, el delegado del Ministro de Energ\u00eda y Electricidad, Ing. Hernando Merch\u00e1n, present\u00f3 a los coordinadores de la matriz al nuevo Gerente General Ing. Gonzalo Uquillas, Durante la presentaci\u00f3n, el Ing. Hernando Merch\u00e1n, indic\u00f3 [&hellip;]<\/p>\n","protected":false},"author":1,"featured_media":4508,"comment_status":"open","ping_status":"open","sticky":false,"template":"","format":"standard","meta":{"_acf_changed":false,"inline_featured_image":false,"_themeisle_gutenberg_block_has_review":false,"footnotes":""},"categories":[1],"tags":[],"class_list":["post-4507","post","type-post","status-publish","format-standard","has-post-thumbnail","hentry","category-uncategorized"],"acf":[],"_links":{"self":[{"href":"https:\/\/www.celec.gob.ec\/transelectric\/wp-json\/wp\/v2\/posts\/4507","targetHints":{"allow":["GET"]}}],"collection":[{"href":"https:\/\/www.celec.gob.ec\/transelectric\/wp-json\/wp\/v2\/posts"}],"about":[{"href":"https:\/\/www.celec.gob.ec\/transelectric\/wp-json\/wp\/v2\/types\/post"}],"author":[{"embeddable":true,"href":"https:\/\/www.celec.gob.ec\/transelectric\/wp-json\/wp\/v2\/users\/1"}],"replies":[{"embeddable":true,"href":"https:\/\/www.celec.gob.ec\/transelectric\/wp-json\/wp\/v2\/comments?post=4507"}],"version-history":[{"count":0,"href":"https:\/\/www.celec.gob.ec\/transelectric\/wp-json\/wp\/v2\/posts\/4507\/revisions"}],"wp:featuredmedia":[{"embeddable":true,"href":"https:\/\/www.celec.gob.ec\/transelectric\/wp-json\/wp\/v2\/media\/4508"}],"wp:attachment":[{"href":"https:\/\/www.celec.gob.ec\/transelectric\/wp-json\/wp\/v2\/media?parent=4507"}],"wp:term":[{"taxonomy":"category","embeddable":true,"href":"https:\/\/www.celec.gob.ec\/transelectric\/wp-json\/wp\/v2\/categories?post=4507"},{"taxonomy":"post_tag","embeddable":true,"href":"https:\/\/www.celec.gob.ec\/transelectric\/wp-json\/wp\/v2\/tags?post=4507"}],"curies":[{"name":"wp","href":"https:\/\/api.w.org\/{rel}","templated":true}]}}