{"id":4509,"date":"2018-06-07T19:35:01","date_gmt":"2018-06-08T00:35:01","guid":{"rendered":"https:\/\/www.celec.gob.ec\/transelectric\/?p=622"},"modified":"2018-06-07T19:35:01","modified_gmt":"2018-06-08T00:35:01","slug":"12-000-habitantes-de-tisaleo-en-tungurahua-se-beneficiaran-de-obras-y-mejoras-en-el-servicio-electrico","status":"publish","type":"post","link":"https:\/\/www.celec.gob.ec\/transelectric\/uncategorized\/12-000-habitantes-de-tisaleo-en-tungurahua-se-beneficiaran-de-obras-y-mejoras-en-el-servicio-electrico\/","title":{"rendered":"12 000 habitantes de Tisaleo, en Tungurahua, se beneficiar\u00e1n de obras y mejoras en el servicio el\u00e9ctrico"},"content":{"rendered":"<div>\n<p style=\"text-align: justify;\"><span style=\"font-family: arial, helvetica, sans-serif; font-size: 12px;\">La pr\u00f3xima entrada en operaci\u00f3n de la subestaci\u00f3n Tisaleo beneficia directamente a las provincias del centro del pa\u00eds y permitir\u00e1 que los habitantes del cant\u00f3n Tisaleo de la provincia de Tungurahua obtengan una mayor confiabilidad en el servicio de energ\u00eda.<\/span><\/p>\n<p style=\"text-align: justify;\"><span style=\"font-family: arial, helvetica, sans-serif; font-size: 12px;\">Adem\u00e1s, como parte del proceso de socializaci\u00f3n de esta obra los habitantes de Tisaleo recibir\u00e1n el mejoramiento de una v\u00eda clave, obras de asfaltado, sistema de alumbrado p\u00fablico e instalaci\u00f3n de tuber\u00edas de agua potable.<\/span><\/p>\n<p style=\"text-align: justify;\"><span style=\"font-family: arial, helvetica, sans-serif; font-size: 12px;\">Es por esto que el 07 de junio, en la presencia de la Vicepresidenta de la Rep\u00fablica, Mar\u00eda Alejandra Vicu\u00f1a, se firm\u00f3 el <\/span><b style=\"font-family: arial, helvetica, sans-serif; font-style: inherit;\">Convenio Tripartito de Cooperaci\u00f3n entre la Corporaci\u00f3n El\u00e9ctrica del Ecuador CELEC EP, la Prefectura de Tungurahua y el Municipio del Cant\u00f3n Tisaleo<\/b><span style=\"font-family: arial, helvetica, sans-serif; font-size: 12px;\">, que permitir\u00e1 viabilizar la mejora de una v\u00eda de 3 km de longitud  que  beneficiar\u00e1  a  las  comunidades  Chilco-\u00ad\u2010  La  Esperanza  y  Luz  de  Am\u00e9rica, pertenecientes al cant\u00f3n Tisaleo, en la provincia de Tungurahua.<\/span><\/p>\n<p style=\"text-align: justify;\"><span style=\"font-family: arial, helvetica, sans-serif; font-size: 12px;\">\u201cEl Gobierno Nacional impulsa con gran decisi\u00f3n el fortalecimiento del sector el\u00e9ctrico, el Estado est\u00e1 compensando con un mill\u00f3n de d\u00f3lares a trav\u00e9s de CELEC EP al Gobierno Aut\u00f3nomo Descentralizado Municipal del cant\u00f3n Tisaleo\u00bb, indic\u00f3 Mar\u00eda Alejandra Vicu\u00f1a, Vicepresidenta de la Rep\u00fablica.<\/span><\/p>\n<p style=\"text-align: center;\"><span style=\"font-family: arial, helvetica, sans-serif; font-size: 12px;\"><img loading=\"lazy\" decoding=\"async\" class=\" size-full wp-image-618\" src=\"https:\/\/www.celec.gob.ec\/transelectric\/wp-content\/uploads\/2018\/06\/2via2.jpg\" width=\"600\" height=\"400\" alt=\"2via2\" style=\"margin: 10px;\"><\/span><\/p>\n<p style=\"text-align: center;\"><span style=\"font-family: arial, helvetica, sans-serif; font-size: 12px;\"><img loading=\"lazy\" decoding=\"async\" class=\" size-full wp-image-619\" src=\"https:\/\/www.celec.gob.ec\/transelectric\/wp-content\/uploads\/2018\/06\/1via1.jpg\" width=\"600\" height=\"400\" alt=\"1via1\"><br \/>\n<\/span><\/p>\n<p style=\"text-align: justify;\"><span style=\"font-family: arial, helvetica, sans-serif; font-size: 12px;\"><br \/>\n<\/span><\/p>\n<\/div>\n<p style=\"text-align: justify;\"><span style=\"font-family: arial, helvetica, sans-serif; font-size: 12px;\">La Gobernaci\u00f3n de Tungurahua ha facilitado las acciones respectivas para la firma del convenio que har\u00e1 posible cristalizar esta obra que beneficia directamente a m\u00e1s de 12 mil habitantes de la comunidad de Tisaleo, aportando al desarrollo socio econ\u00f3mico de la zona, y a las provincias del centro del pa\u00eds. Adem\u00e1s, reforzar\u00e1 el sistema el\u00e9ctrico nacional.<\/span><\/p>\n<p style=\"text-align: justify;\"><span style=\"font-family: arial, helvetica, sans-serif; font-size: 12px;\">La inversi\u00f3n para la mejora de la v\u00eda, a cargo de CELEC EP, es de 1.8 millones de d\u00f3lares y el tiempo de ejecuci\u00f3n ser\u00e1 de 120 d\u00edas.<\/span><\/p>\n<p style=\"text-align: justify;\"><span style=\"font-family: arial, helvetica, sans-serif; font-size: 12px;\">La subestaci\u00f3n Tisaleo, forma parte del Sistema de Transmisi\u00f3n a 500kV, trabajo ejecutado por CELEC EP, a trav\u00e9s de su Unidad de Negocio TRANSELECTRIC.<\/span><\/p>\n<p style=\"text-align: justify;\"><span style=\"font-family: arial, helvetica, sans-serif; font-size: 12px;\">El evento adem\u00e1s cont\u00f3 con la participaci\u00f3n del gobernador de Tungurahua, Juan DeHowitt; el prefecto de la provincia, Fernando Naranjo; el alcalde de Tisaleo, Rodrigo Garc\u00e9s; el gerente general de CELEC EP, Juan Saavedra; y el gerente de la Unidad de Negocio Transelectric, Salvador Encalada.<\/span><\/p>\n<p style=\"text-align: justify;\"><span style=\"font-family: arial, helvetica, sans-serif; font-size: 12px;\">El Gobierno Nacional trabaja d\u00eda a d\u00eda para fortalecer la transformaci\u00f3n energ\u00e9tica del pa\u00eds, que conduce al progreso y desarrollo de todos los ciudadanos.<\/span><\/p>\n<p style=\"text-align: center;\"><span style=\"font-family: arial, helvetica, sans-serif; font-size: 12px;\"><img loading=\"lazy\" decoding=\"async\" class=\" size-full wp-image-620\" src=\"https:\/\/www.celec.gob.ec\/transelectric\/wp-content\/uploads\/2018\/06\/3via3.jpg\" width=\"600\" height=\"400\" alt=\"3via3\"><\/span><\/p>\n<p style=\"text-align: center;\"><span style=\"font-family: arial, helvetica, sans-serif; font-size: 12px;\"><img loading=\"lazy\" decoding=\"async\" class=\" size-full wp-image-621\" src=\"https:\/\/www.celec.gob.ec\/transelectric\/wp-content\/uploads\/2018\/06\/4via4.jpg\" width=\"600\" height=\"400\" alt=\"4via4\"><br \/>\n<\/span><\/p>\n","protected":false},"excerpt":{"rendered":"<p>La pr\u00f3xima entrada en operaci\u00f3n de la subestaci\u00f3n Tisaleo beneficia directamente a las provincias del centro del pa\u00eds y permitir\u00e1 que los habitantes del cant\u00f3n Tisaleo de la provincia de Tungurahua obtengan una mayor confiabilidad en el servicio de energ\u00eda. Adem\u00e1s, como parte del proceso de socializaci\u00f3n de esta obra los habitantes de Tisaleo recibir\u00e1n [&hellip;]<\/p>\n","protected":false},"author":1,"featured_media":4510,"comment_status":"open","ping_status":"open","sticky":false,"template":"","format":"standard","meta":{"_acf_changed":false,"inline_featured_image":false,"_themeisle_gutenberg_block_has_review":false,"footnotes":""},"categories":[1],"tags":[],"class_list":["post-4509","post","type-post","status-publish","format-standard","has-post-thumbnail","hentry","category-uncategorized"],"acf":[],"_links":{"self":[{"href":"https:\/\/www.celec.gob.ec\/transelectric\/wp-json\/wp\/v2\/posts\/4509","targetHints":{"allow":["GET"]}}],"collection":[{"href":"https:\/\/www.celec.gob.ec\/transelectric\/wp-json\/wp\/v2\/posts"}],"about":[{"href":"https:\/\/www.celec.gob.ec\/transelectric\/wp-json\/wp\/v2\/types\/post"}],"author":[{"embeddable":true,"href":"https:\/\/www.celec.gob.ec\/transelectric\/wp-json\/wp\/v2\/users\/1"}],"replies":[{"embeddable":true,"href":"https:\/\/www.celec.gob.ec\/transelectric\/wp-json\/wp\/v2\/comments?post=4509"}],"version-history":[{"count":0,"href":"https:\/\/www.celec.gob.ec\/transelectric\/wp-json\/wp\/v2\/posts\/4509\/revisions"}],"wp:featuredmedia":[{"embeddable":true,"href":"https:\/\/www.celec.gob.ec\/transelectric\/wp-json\/wp\/v2\/media\/4510"}],"wp:attachment":[{"href":"https:\/\/www.celec.gob.ec\/transelectric\/wp-json\/wp\/v2\/media?parent=4509"}],"wp:term":[{"taxonomy":"category","embeddable":true,"href":"https:\/\/www.celec.gob.ec\/transelectric\/wp-json\/wp\/v2\/categories?post=4509"},{"taxonomy":"post_tag","embeddable":true,"href":"https:\/\/www.celec.gob.ec\/transelectric\/wp-json\/wp\/v2\/tags?post=4509"}],"curies":[{"name":"wp","href":"https:\/\/api.w.org\/{rel}","templated":true}]}}