{"id":4521,"date":"2018-01-31T20:14:44","date_gmt":"2018-02-01T01:14:44","guid":{"rendered":"https:\/\/www.celec.gob.ec\/transelectric\/?p=607"},"modified":"2018-01-31T20:14:44","modified_gmt":"2018-02-01T01:14:44","slug":"celec-ep-y-cetra-celec-suscriben-contrato-colectivo-que-garantizara-derechos-y-beneficios-de-los-trabajadores-08-de-enero-de-2018","status":"publish","type":"post","link":"https:\/\/www.celec.gob.ec\/transelectric\/uncategorized\/celec-ep-y-cetra-celec-suscriben-contrato-colectivo-que-garantizara-derechos-y-beneficios-de-los-trabajadores-08-de-enero-de-2018\/","title":{"rendered":"CELEC EP y CETRA CELEC suscriben contrato colectivo que garantizar\u00e1 derechos y beneficios de los trabajadores 08 de enero de 2018"},"content":{"rendered":"<p><span style=\"font-family: arial, helvetica, sans-serif; font-size: 10pt;\">Esmeraldas, 10 de enero de 2018<\/span><\/p>\n<p><span style=\"font-size: 10pt; font-family: arial, helvetica, sans-serif;\">CELEC EP y CETRA CELEC suscriben contrato colectivo que garantizar\u00e1 derechos y beneficios de los trabajadores<\/span><\/p>\n<p><span style=\"font-family: arial, helvetica, sans-serif; font-size: 10pt;\">La Corporaci\u00f3n El\u00e9ctrica del Ecuador (CELEC.EP) y el Comit\u00e9 de Empresa de los Trabajadores (CETRA CELEC) firmaron el segundo contrato colectivo que recoge derechos y beneficios a favor de los trabajadores, los mismos que est\u00e1n enmarcados en las normas laborales que rigen a la Corporaci\u00f3n, as\u00ed como a las directrices emitidas por parte del Ministerio del Trabajo<\/span><\/p>\n<p><span style=\"font-family: arial, helvetica, sans-serif; font-size: 10pt;\">El presente contrato se alinea a los objetivos institucionales de CELEC-EP, los cuales proporcionan bienestar y seguridad a sus trabajadores, tales como: ajustes en sus remuneraciones en base a la pol\u00edtica salarial, la cual ser\u00e1 definida por un estudio t\u00e9cnico que permitir\u00e1 contar con escalas salariales justas, turnos rotativos m\u00e1s flexibles, servicios de transporte y alimentaci\u00f3n, o pago por dichos conceptos. Tambi\u00e9n cuenta con una bonificaci\u00f3n por ubicaci\u00f3n geogr\u00e1fica por el reconocimiento por las labores distantes, servicio m\u00e9dico y dental para los empleados, subsidio de antig\u00fcedad por los a\u00f1os de servicio. Finalmente, implementa un seguro de vida con protecci\u00f3n permanente y convenios para cobertura de beneficios de comisariato<\/span><\/p>\n<p><span style=\"font-family: arial, helvetica, sans-serif; font-size: 10pt;\">La suscripci\u00f3n del segundo contrato colectivo es un reconocimiento a la labor fruct\u00edfera e incansable de los trabajadores de CELEC EP, el mismo que tendr\u00e1 una duraci\u00f3n de dos a\u00f1os y beneficiar\u00e1 a 2.211 obreros. En tanto, el primer acuerdo tuvo una vigencia de tres a\u00f1os.<\/span><\/p>\n<p><span style=\"font-family: arial, helvetica, sans-serif; font-size: 10pt;\">El convenio fue posible gracias al apoyo del presidente de la Rep\u00fablica, Len\u00edn Moreno Garc\u00e9s, quien establece pol\u00edticas de Estado que buscan la construcci\u00f3n de una sociedad con mayor productividad, empleo y seguridad<\/span><\/p>\n<p><span style=\"font-family: arial, helvetica, sans-serif; font-size: 10pt;\">El evento se realiz\u00f3 en el Centro de Atenci\u00f3n Ciudadana y cont\u00f3 con las participaciones de la vicepresidenta de la Rep\u00fablica, Mar\u00eda Alejandra Vicu\u00f1a y del ministro de Trabajo, Ra\u00fal Ledesma. Adem\u00e1s, asistieron representantes del sector trabajador.<\/span><\/p>\n<p style=\"text-align: center;\"><span style=\"font-family: arial, helvetica, sans-serif; font-size: 10pt;\"><img loading=\"lazy\" decoding=\"async\" class=\" size-full wp-image-603\" style=\"margin: 10px;\" alt=\"vice20\" height=\"400\" width=\"600\" src=\"https:\/\/www.celec.gob.ec\/transelectric\/wp-content\/uploads\/2018\/01\/vice20.jpg\" \/><\/span><\/p>\n<p style=\"text-align: center;\"><span style=\"font-family: arial, helvetica, sans-serif; font-size: 10pt;\"><img loading=\"lazy\" decoding=\"async\" class=\" size-full wp-image-604\" alt=\"vice27\" height=\"400\" width=\"600\" src=\"https:\/\/www.celec.gob.ec\/transelectric\/wp-content\/uploads\/2018\/01\/vice27.jpg\" \/><\/span><\/p>\n<p style=\"text-align: center;\"><span style=\"font-family: arial, helvetica, sans-serif; font-size: 10pt;\"><img loading=\"lazy\" decoding=\"async\" class=\" size-full wp-image-605\" alt=\"Vice 1\" height=\"400\" width=\"600\" src=\"https:\/\/www.celec.gob.ec\/transelectric\/wp-content\/uploads\/2018\/01\/Vice-1.jpg\" \/><\/span><\/p>\n<p style=\"text-align: center;\"><span style=\"font-family: arial, helvetica, sans-serif; font-size: 10pt;\"><img loading=\"lazy\" decoding=\"async\" class=\" size-full wp-image-606\" alt=\"vice8\" height=\"400\" width=\"600\" src=\"https:\/\/www.celec.gob.ec\/transelectric\/wp-content\/uploads\/2018\/01\/vice8.jpg\" \/><br \/><\/span><\/p>\n","protected":false},"excerpt":{"rendered":"<p>Esmeraldas, 10 de enero de 2018 CELEC EP y CETRA CELEC suscriben contrato colectivo que garantizar\u00e1 derechos y beneficios de los trabajadores La Corporaci\u00f3n El\u00e9ctrica del Ecuador (CELEC.EP) y el Comit\u00e9 de Empresa de los Trabajadores (CETRA CELEC) firmaron el segundo contrato colectivo que recoge derechos y beneficios a favor de los trabajadores, los mismos [&hellip;]<\/p>\n","protected":false},"author":1,"featured_media":4522,"comment_status":"open","ping_status":"open","sticky":false,"template":"","format":"standard","meta":{"_acf_changed":false,"inline_featured_image":false,"_themeisle_gutenberg_block_has_review":false,"footnotes":""},"categories":[1],"tags":[],"class_list":["post-4521","post","type-post","status-publish","format-standard","has-post-thumbnail","hentry","category-uncategorized"],"acf":[],"_links":{"self":[{"href":"https:\/\/www.celec.gob.ec\/transelectric\/wp-json\/wp\/v2\/posts\/4521","targetHints":{"allow":["GET"]}}],"collection":[{"href":"https:\/\/www.celec.gob.ec\/transelectric\/wp-json\/wp\/v2\/posts"}],"about":[{"href":"https:\/\/www.celec.gob.ec\/transelectric\/wp-json\/wp\/v2\/types\/post"}],"author":[{"embeddable":true,"href":"https:\/\/www.celec.gob.ec\/transelectric\/wp-json\/wp\/v2\/users\/1"}],"replies":[{"embeddable":true,"href":"https:\/\/www.celec.gob.ec\/transelectric\/wp-json\/wp\/v2\/comments?post=4521"}],"version-history":[{"count":0,"href":"https:\/\/www.celec.gob.ec\/transelectric\/wp-json\/wp\/v2\/posts\/4521\/revisions"}],"wp:featuredmedia":[{"embeddable":true,"href":"https:\/\/www.celec.gob.ec\/transelectric\/wp-json\/wp\/v2\/media\/4522"}],"wp:attachment":[{"href":"https:\/\/www.celec.gob.ec\/transelectric\/wp-json\/wp\/v2\/media?parent=4521"}],"wp:term":[{"taxonomy":"category","embeddable":true,"href":"https:\/\/www.celec.gob.ec\/transelectric\/wp-json\/wp\/v2\/categories?post=4521"},{"taxonomy":"post_tag","embeddable":true,"href":"https:\/\/www.celec.gob.ec\/transelectric\/wp-json\/wp\/v2\/tags?post=4521"}],"curies":[{"name":"wp","href":"https:\/\/api.w.org\/{rel}","templated":true}]}}