{"id":4567,"date":"2017-08-23T21:10:59","date_gmt":"2017-08-24T02:10:59","guid":{"rendered":"https:\/\/www.celec.gob.ec\/transelectric\/?p=1732"},"modified":"2017-08-23T21:10:59","modified_gmt":"2017-08-24T02:10:59","slug":"nuevo-sistema-de-transmision-duran-230-kv","status":"publish","type":"post","link":"https:\/\/www.celec.gob.ec\/transelectric\/uncategorized\/nuevo-sistema-de-transmision-duran-230-kv\/","title":{"rendered":"NUEVO SISTEMA DE TRANSMISI\u00d3N DUR\u00c1N 230 kV"},"content":{"rendered":"<p style=\"text-align: justify;\"><span style=\"font-size: 10pt; font-family: arial, helvetica, sans-serif;\">Se avanza en la construcci\u00f3n del Sistema de Transmisi\u00f3n Dur\u00e1n 230 kV, obra que permitir\u00e1 garantizar la confiabilidad y el abastecimiento de la demanda de energ\u00eda el\u00e9ctrica actual y futura a los clientes de CNEL EP Guayas &#8211; Los R\u00edos y sus zonas de influencia.<\/span><\/p>\n<p style=\"text-align: justify;\"><span style=\"font-family: arial, helvetica, sans-serif; font-size: 10pt;\">La obra reporta un avance global del 41,7%, las obras que lo conforman reportan el siguiente progreso:<\/span><\/p>\n<p style=\"text-align: justify;\"><span style=\"font-family: arial, helvetica, sans-serif; font-size: 10pt;\"><b><i> <\/i><\/b><\/span><\/p>\n<p style=\"text-align: justify;\"><span style=\"font-family: arial, helvetica, sans-serif; font-size: 10pt;\"><b><i>Subestaci\u00f3n Dur\u00e1n 230\/69 kV, 225 MVA.<\/i><\/b><\/span><\/p>\n<p style=\"text-align: justify;\"><span style=\"font-family: arial, helvetica, sans-serif; font-size: 10pt;\">En relaci\u00f3n a la obra civil se encuentra en la etapa de finalizaci\u00f3n la casa de control y caseta de patios, y se est\u00e1n ejecutando las fundaciones para el montaje de las estructuras en los patios de 230 y 69 kV. Al momento se est\u00e1n gestionado los tr\u00e1mites respetivos para la fabricaci\u00f3n de los equipos el\u00e9ctricos que conforman la subestaci\u00f3n.<\/span><\/p>\n<p style=\"text-align: justify;\"><span style=\"font-family: arial, helvetica, sans-serif; font-size: 10pt;\"> <b><i>L\u00ednea de transmisi\u00f3n Pto. Conexi\u00f3n &#8211; Dur\u00e1n de 230kV<\/i><\/b><\/span><\/p>\n<p style=\"text-align: justify;\"><span style=\"font-family: arial, helvetica, sans-serif; font-size: 10pt;\">Al momento se encuentra en la etapa de planificaci\u00f3n para el inicio de las obras civiles de las 33 estructuras que conforman esta l\u00ednea, de 10 km de longitud, doble circuito.<\/span><\/p>\n<p style=\"text-align: justify;\"><span style=\"font-family: arial, helvetica, sans-serif; font-size: 10pt;\"> Esta obra permitir\u00e1 disponer de un nuevo punto de conexi\u00f3n con el SNT para CNEL Guayas &#8211; Los R\u00edos, mejorando las condiciones de seguridad y confiabilidad del servicio el\u00e9ctrico al cant\u00f3n Dur\u00e1n. El Sistema formar\u00e1 parte del Anillo El\u00e9ctrico de Guayaquil a 230 kV.<\/span><\/p>\n<p><span style=\"font-family: arial, helvetica, sans-serif; font-size: 10pt;\"><img loading=\"lazy\" decoding=\"async\" class=\" size-full wp-image-1728\" style=\"margin: 10px auto; display: block;\" alt=\"A1DURAN\" height=\"338\" width=\"600\" src=\"https:\/\/www.celec.gob.ec\/transelectric\/wp-content\/uploads\/2017\/08\/A1DURAN.jpg\" \/><img loading=\"lazy\" decoding=\"async\" class=\" size-full wp-image-1729\" style=\"margin: 10px auto; display: block;\" alt=\"A2DURAN\" height=\"338\" width=\"600\" src=\"https:\/\/www.celec.gob.ec\/transelectric\/wp-content\/uploads\/2017\/08\/A2DURAN.jpg\" \/><img loading=\"lazy\" decoding=\"async\" class=\" size-full wp-image-1730\" style=\"margin: 10px auto; display: block;\" alt=\"A3DURAN\" height=\"338\" width=\"600\" src=\"https:\/\/www.celec.gob.ec\/transelectric\/wp-content\/uploads\/2017\/08\/A3DURAN.jpg\" \/><img loading=\"lazy\" decoding=\"async\" class=\" size-full wp-image-1731\" style=\"margin: 10px auto; display: block;\" alt=\"A5DURAN\" height=\"338\" width=\"600\" src=\"https:\/\/www.celec.gob.ec\/transelectric\/wp-content\/uploads\/2017\/08\/A5DURAN.jpg\" \/><br \/><\/span><\/p>\n","protected":false},"excerpt":{"rendered":"<p>Se avanza en la construcci\u00f3n del Sistema de Transmisi\u00f3n Dur\u00e1n 230 kV, obra que permitir\u00e1 garantizar la confiabilidad y el abastecimiento de la demanda de energ\u00eda el\u00e9ctrica actual y futura a los clientes de CNEL EP Guayas &#8211; Los R\u00edos y sus zonas de influencia. La obra reporta un avance global del 41,7%, las obras [&hellip;]<\/p>\n","protected":false},"author":1,"featured_media":4568,"comment_status":"open","ping_status":"open","sticky":false,"template":"","format":"standard","meta":{"_acf_changed":false,"inline_featured_image":false,"_themeisle_gutenberg_block_has_review":false,"footnotes":""},"categories":[1],"tags":[],"class_list":["post-4567","post","type-post","status-publish","format-standard","has-post-thumbnail","hentry","category-uncategorized"],"acf":[],"_links":{"self":[{"href":"https:\/\/www.celec.gob.ec\/transelectric\/wp-json\/wp\/v2\/posts\/4567","targetHints":{"allow":["GET"]}}],"collection":[{"href":"https:\/\/www.celec.gob.ec\/transelectric\/wp-json\/wp\/v2\/posts"}],"about":[{"href":"https:\/\/www.celec.gob.ec\/transelectric\/wp-json\/wp\/v2\/types\/post"}],"author":[{"embeddable":true,"href":"https:\/\/www.celec.gob.ec\/transelectric\/wp-json\/wp\/v2\/users\/1"}],"replies":[{"embeddable":true,"href":"https:\/\/www.celec.gob.ec\/transelectric\/wp-json\/wp\/v2\/comments?post=4567"}],"version-history":[{"count":0,"href":"https:\/\/www.celec.gob.ec\/transelectric\/wp-json\/wp\/v2\/posts\/4567\/revisions"}],"wp:featuredmedia":[{"embeddable":true,"href":"https:\/\/www.celec.gob.ec\/transelectric\/wp-json\/wp\/v2\/media\/4568"}],"wp:attachment":[{"href":"https:\/\/www.celec.gob.ec\/transelectric\/wp-json\/wp\/v2\/media?parent=4567"}],"wp:term":[{"taxonomy":"category","embeddable":true,"href":"https:\/\/www.celec.gob.ec\/transelectric\/wp-json\/wp\/v2\/categories?post=4567"},{"taxonomy":"post_tag","embeddable":true,"href":"https:\/\/www.celec.gob.ec\/transelectric\/wp-json\/wp\/v2\/tags?post=4567"}],"curies":[{"name":"wp","href":"https:\/\/api.w.org\/{rel}","templated":true}]}}