{"id":4585,"date":"2017-01-25T15:18:10","date_gmt":"2017-01-25T20:18:10","guid":{"rendered":"https:\/\/www.celec.gob.ec\/transelectric\/?p=1757"},"modified":"2017-01-25T15:18:10","modified_gmt":"2017-01-25T20:18:10","slug":"visita-de-ministros-a-tisaleo","status":"publish","type":"post","link":"https:\/\/www.celec.gob.ec\/transelectric\/uncategorized\/visita-de-ministros-a-tisaleo\/","title":{"rendered":"Visita de Ministros a Tisaleo"},"content":{"rendered":"<p align=\"right\"><b>Quito, 27 de enero de 2017<\/b><\/p>\n<p><b> Bolet\u00edn de Prensa No. 064<\/b><\/p>\n<p><b> <\/b><\/p>\n<p align=\"center\"><b> <\/b><\/p>\n<p align=\"center\"><b>MINISTRO COORDINADOR DE SECTORES ESTRAT\u00c9GICOS Y MINISTRO DE ELECTRICIDAD Y ENERG\u00cdA RENOVABLE REALIZARON VISITA T\u00c9CNICA A SUBESTACI\u00d3N TISALEO 500 kV<\/b><\/p>\n<p><b><br \/>\n<\/b>El jueves 26 enero de 2017, el Ministro Coordinador de Sectores Estrat\u00e9gicos, Augusto Esp\u00edn, y el Ministro de Electricidad y Energ\u00eda Renovable, Medardo Cadena, realizaron una visita t\u00e9cnica a la subestaci\u00f3n Tisaleo, obra que forma parte del proyecto emblem\u00e1tico Sistema de Transmisi\u00f3n a 500 kV, y que recibir\u00e1 la energ\u00eda limpia que genera la central hidroel\u00e9ctrica Coca Codo Sinclair para transformarla y trasmitirla al centro y sur del pa\u00eds. El recorrido se realiz\u00f3 en compa\u00f1\u00eda del Gerente de CELEC EP TRANSELECTRIC, Geovanny Pardo, y personal t\u00e9cnico de la Unidad de Negocio y de la Contratista, que participa en la construcci\u00f3n de la obra.<\/p>\n<p>La subestaci\u00f3n Tisaleo de 500\/230 kV, est\u00e1 ubicada en el sector de Chilco La Esperanza, cant\u00f3n Tisaleo, provincia del Tungurahua, y se construye sobre un terreno de 26 hect\u00e1reas. Una vez finalizada la subestaci\u00f3n, se dispondr\u00e1 de un anillo el\u00e9ctrico entre Quito y Ambato, lo cual brindar\u00e1 mayor seguridad en el suministro el\u00e9ctrico entre las provincias del norte y centro del pa\u00eds.<\/p>\n<p>Las autoridades realizaron un recorrido por la subestaci\u00f3n donde constataron los avances en los patios de 500 y 230 kV, tanto en la parte de obra civil como en el montaje electromec\u00e1nico y equipos de patio, as\u00ed como los avances en cuanto al equipamiento en las casetas de patio y sala de control, y las estructuras de llegada a esta Subestaci\u00f3n, tanto desde El Inga como desde Chorrillos.<\/p>\n<p>Con una inversi\u00f3n de m\u00e1s de 62 millones de d\u00f3lares (incluye IVA y costos indirectos), la obra reporta un avance del 82.98% que comprende: estudios y dise\u00f1os, equipos y materiales suministrados, obras civiles, montaje electromec\u00e1nico, pruebas y energizaci\u00f3n. La subestaci\u00f3n contar\u00e1  con una capacidad de transformaci\u00f3n de 450 MVA y permitir\u00e1 reforzar el sistema el\u00e9ctrico nacional e incrementar la confiabilidad y calidad del servicio p\u00fablico de energ\u00eda el\u00e9ctrica en el pa\u00eds. La construcci\u00f3n de esta importante obra de infraestructura el\u00e9ctrica, la cuarta de estas caracter\u00edsticas en el pa\u00eds,  ha generado alrededor de 250 plazas de trabajo directo, dinamizando e impulsando la econom\u00eda del sector.<\/p>\n<p>Una obra m\u00e1s del Gobierno de la Revoluci\u00f3n Ciudadana que trabaja d\u00eda a d\u00eda para fortalecer la transformaci\u00f3n energ\u00e9tica del pa\u00eds, que conduce al progreso y desarrollo de todos los ciudadanos.<\/p>\n<p style=\"text-align: center;\"><img loading=\"lazy\" decoding=\"async\" class=\" size-full wp-image-1753\" width=\"700\" height=\"466\" src=\"https:\/\/www.celec.gob.ec\/transelectric\/wp-content\/uploads\/2017\/01\/t11.jpg\" alt=\"t11\"><\/p>\n<p style=\"text-align: center;\"><img loading=\"lazy\" decoding=\"async\" class=\" size-full wp-image-1754\" width=\"700\" height=\"466\" src=\"https:\/\/www.celec.gob.ec\/transelectric\/wp-content\/uploads\/2017\/01\/t22.jpg\" alt=\"t22\"><\/p>\n<p style=\"text-align: center;\"><img loading=\"lazy\" decoding=\"async\" class=\" size-full wp-image-1755\" width=\"700\" height=\"466\" src=\"https:\/\/www.celec.gob.ec\/transelectric\/wp-content\/uploads\/2017\/01\/t33.jpg\" alt=\"t33\"><\/p>\n<p style=\"text-align: center;\"><img loading=\"lazy\" decoding=\"async\" class=\" size-full wp-image-1756\" width=\"700\" height=\"466\" src=\"https:\/\/www.celec.gob.ec\/transelectric\/wp-content\/uploads\/2017\/01\/t44.jpg\" alt=\"t44\"><\/p>\n","protected":false},"excerpt":{"rendered":"<p>Quito, 27 de enero de 2017 Bolet\u00edn de Prensa No. 064 MINISTRO COORDINADOR DE SECTORES ESTRAT\u00c9GICOS Y MINISTRO DE ELECTRICIDAD Y ENERG\u00cdA RENOVABLE REALIZARON VISITA T\u00c9CNICA A SUBESTACI\u00d3N TISALEO 500 kV El jueves 26 enero de 2017, el Ministro Coordinador de Sectores Estrat\u00e9gicos, Augusto Esp\u00edn, y el Ministro de Electricidad y Energ\u00eda Renovable, Medardo Cadena, [&hellip;]<\/p>\n","protected":false},"author":1,"featured_media":4586,"comment_status":"open","ping_status":"open","sticky":false,"template":"","format":"standard","meta":{"_acf_changed":false,"inline_featured_image":false,"_themeisle_gutenberg_block_has_review":false,"footnotes":""},"categories":[1],"tags":[],"class_list":["post-4585","post","type-post","status-publish","format-standard","has-post-thumbnail","hentry","category-uncategorized"],"acf":[],"_links":{"self":[{"href":"https:\/\/www.celec.gob.ec\/transelectric\/wp-json\/wp\/v2\/posts\/4585","targetHints":{"allow":["GET"]}}],"collection":[{"href":"https:\/\/www.celec.gob.ec\/transelectric\/wp-json\/wp\/v2\/posts"}],"about":[{"href":"https:\/\/www.celec.gob.ec\/transelectric\/wp-json\/wp\/v2\/types\/post"}],"author":[{"embeddable":true,"href":"https:\/\/www.celec.gob.ec\/transelectric\/wp-json\/wp\/v2\/users\/1"}],"replies":[{"embeddable":true,"href":"https:\/\/www.celec.gob.ec\/transelectric\/wp-json\/wp\/v2\/comments?post=4585"}],"version-history":[{"count":0,"href":"https:\/\/www.celec.gob.ec\/transelectric\/wp-json\/wp\/v2\/posts\/4585\/revisions"}],"wp:featuredmedia":[{"embeddable":true,"href":"https:\/\/www.celec.gob.ec\/transelectric\/wp-json\/wp\/v2\/media\/4586"}],"wp:attachment":[{"href":"https:\/\/www.celec.gob.ec\/transelectric\/wp-json\/wp\/v2\/media?parent=4585"}],"wp:term":[{"taxonomy":"category","embeddable":true,"href":"https:\/\/www.celec.gob.ec\/transelectric\/wp-json\/wp\/v2\/categories?post=4585"},{"taxonomy":"post_tag","embeddable":true,"href":"https:\/\/www.celec.gob.ec\/transelectric\/wp-json\/wp\/v2\/tags?post=4585"}],"curies":[{"name":"wp","href":"https:\/\/api.w.org\/{rel}","templated":true}]}}