{"id":4590,"date":"2017-01-16T21:42:21","date_gmt":"2017-01-17T02:42:21","guid":{"rendered":"https:\/\/www.celec.gob.ec\/transelectric\/?p=1762"},"modified":"2017-01-16T21:42:21","modified_gmt":"2017-01-17T02:42:21","slug":"ministro-coordinador-de-sectores-estrategicos-y-ministro-de-electricidad-y-energia-renovable-realizaron-visita-tecnica-a-subestacion-chorrillos-500-kv","status":"publish","type":"post","link":"https:\/\/www.celec.gob.ec\/transelectric\/uncategorized\/ministro-coordinador-de-sectores-estrategicos-y-ministro-de-electricidad-y-energia-renovable-realizaron-visita-tecnica-a-subestacion-chorrillos-500-kv\/","title":{"rendered":"MINISTRO COORDINADOR DE SECTORES ESTRATEGICOS Y MINISTRO DE ELECTRICIDAD Y ENERG\u00cdA RENOVABLE REALIZARON VISITA T\u00c9CNICA A SUBESTACI\u00d3N CHORRILLOS 500 kV"},"content":{"rendered":"<p style=\"text-align: justify;\"><span style=\"font-family: arial,helvetica,sans-serif; font-size: 10pt;\">El viernes 13 de enero de 2017, el Ministro Coordinador de Sectores Estrat\u00e9gicos, Augusto Esp\u00edn, y el Ministro de Electricidad y Energ\u00eda Renovable, Medardo Cadena, realizaron una visita t\u00e9cnica a la subestaci\u00f3n Chorrillos, ubicada al noroeste de Guayaquil, obra que forma parte del proyecto Sistema de Transmisi\u00f3n a 500 kV, y que recibir\u00e1 la energ\u00eda limpia que genera la central hidroel\u00e9ctrica Coca Codo Sinclair para transmitirla principalmente a Guayas, Los R\u00edos y El Oro.<\/span><\/p>\n<p style=\"text-align: justify;\"><span style=\"font-family: arial,helvetica,sans-serif; font-size: 10pt;\">Las autoridades constataron los avances en los patios de 500 y 230 kV, tanto en la parte de obra civil como en el montaje electromec\u00e1nico y equipos de patio, as\u00ed como los avances en cuanto al equipamiento de la sala de control y casetas de patio, y finalmente se recorri\u00f3 el patio y caseta de control del compensador din\u00e1mico de reactivos (SVC por sus siglas en ingl\u00e9s), equipamiento este \u00faltimo que se instala por primera vez en el sistema el\u00e9ctrico ecuatoriano. El recorrido se realiz\u00f3 en compa\u00f1\u00eda del Gerente de CELEC EP TRANSELECTRIC, Geovanny Pardo, y personal t\u00e9cnico de la Unidad de Negocio y de la Contratista, que participa en la construcci\u00f3n de la obra. <\/span><\/p>\n<p style=\"text-align: justify;\"><span style=\"font-family: arial,helvetica,sans-serif; font-size: 10pt;\">La subestaci\u00f3n Chorrillos de 500 kV se construye sobre un \u00e1rea de 13 hect\u00e1reas, de las 26 hect\u00e1reas totales disponibles, constituy\u00e9ndose en la primera instalaci\u00f3n en el pa\u00eds que cuenta con un equipo compensador din\u00e1mico de reactivos (SVC Static Var Compensator), equipamiento que permitir\u00e1 un mejor control de calidad del servicio el\u00e9ctrico en esta importante zona del pa\u00eds, y contar\u00e1 con una capacidad de transformaci\u00f3n de 900 MVA (y 150 MVA de reserva). <\/span><\/p>\n<p style=\"text-align: justify;\"><span style=\"font-family: arial,helvetica,sans-serif; font-size: 10pt;\">Con una inversi\u00f3n que supera los 80 millones de d\u00f3lares, la subestaci\u00f3n Chorrillos reporta un avance del 92.80%, que comprende: estudios y dise\u00f1os, equipos y materiales suministrados, obras civiles, montaje electromec\u00e1nico, pruebas y energizaci\u00f3n; y genera m\u00e1s de 300 empleos directos en la zona.<\/span><\/p>\n<p style=\"text-align: justify;\"><span style=\"font-family: arial,helvetica,sans-serif; font-size: 10pt;\">La incorporaci\u00f3n de esta subestaci\u00f3n reforzar\u00e1 el sistema el\u00e9ctrico nacional, incrementando la confiabilidad y calidad del servicio p\u00fablico, y en un futuro permitir\u00e1 la interconexi\u00f3n con Per\u00fa. <\/span><\/p>\n<p style=\"text-align: justify;\"><span style=\"font-family: arial,helvetica,sans-serif; font-size: 10pt;\">El Gobierno de la Revoluci\u00f3n Ciudadana fortalece el cambio de la matriz energ\u00e9tica del pa\u00eds, convirtiendo los recursos de todos los ecuatorianos en obras que benefician a todo el pa\u00eds. <\/span><\/p>\n<p style=\"text-align: center;\"><span style=\"font-family: arial,helvetica,sans-serif; font-size: 10pt;\"><img loading=\"lazy\" decoding=\"async\" class=\" size-full wp-image-1758\" width=\"700\" height=\"394\" src=\"https:\/\/www.celec.gob.ec\/transelectric\/wp-content\/uploads\/2017\/01\/Chorillos-4.jpg\" alt=\"Chorillos 4\" \/><\/span><\/p>\n<p style=\"text-align: center;\"><span style=\"font-family: arial,helvetica,sans-serif; font-size: 10pt;\"><img loading=\"lazy\" decoding=\"async\" class=\" size-full wp-image-1759\" width=\"700\" height=\"394\" src=\"https:\/\/www.celec.gob.ec\/transelectric\/wp-content\/uploads\/2017\/01\/chorrillos-6.jpg\" alt=\"chorrillos 6\" \/><\/span><\/p>\n<p style=\"text-align: center;\"><span style=\"font-family: arial,helvetica,sans-serif; font-size: 10pt;\"><img loading=\"lazy\" decoding=\"async\" class=\" size-full wp-image-1760\" width=\"700\" height=\"394\" src=\"https:\/\/www.celec.gob.ec\/transelectric\/wp-content\/uploads\/2017\/01\/Chorillos-3.jpg\" alt=\"Chorillos 3\" \/><\/span><\/p>\n<p style=\"text-align: center;\"><span style=\"font-family: arial,helvetica,sans-serif; font-size: 10pt;\"><img loading=\"lazy\" decoding=\"async\" class=\" size-full wp-image-1761\" width=\"700\" height=\"394\" alt=\"Chorillos 2.\" src=\"https:\/\/www.celec.gob.ec\/transelectric\/wp-content\/uploads\/2017\/01\/Chorillos-2..jpg\" \/><\/span><\/p>\n<p style=\"text-align: center;\"><span style=\"font-family: arial,helvetica,sans-serif; font-size: 10pt;\"><br \/><\/span><\/p>\n","protected":false},"excerpt":{"rendered":"<p>El viernes 13 de enero de 2017, el Ministro Coordinador de Sectores Estrat\u00e9gicos, Augusto Esp\u00edn, y el Ministro de Electricidad y Energ\u00eda Renovable, Medardo Cadena, realizaron una visita t\u00e9cnica a la subestaci\u00f3n Chorrillos, ubicada al noroeste de Guayaquil, obra que forma parte del proyecto Sistema de Transmisi\u00f3n a 500 kV, y que recibir\u00e1 la energ\u00eda [&hellip;]<\/p>\n","protected":false},"author":1,"featured_media":4591,"comment_status":"open","ping_status":"open","sticky":false,"template":"","format":"standard","meta":{"_acf_changed":false,"inline_featured_image":false,"_themeisle_gutenberg_block_has_review":false,"footnotes":""},"categories":[1],"tags":[],"class_list":["post-4590","post","type-post","status-publish","format-standard","has-post-thumbnail","hentry","category-uncategorized"],"acf":[],"_links":{"self":[{"href":"https:\/\/www.celec.gob.ec\/transelectric\/wp-json\/wp\/v2\/posts\/4590","targetHints":{"allow":["GET"]}}],"collection":[{"href":"https:\/\/www.celec.gob.ec\/transelectric\/wp-json\/wp\/v2\/posts"}],"about":[{"href":"https:\/\/www.celec.gob.ec\/transelectric\/wp-json\/wp\/v2\/types\/post"}],"author":[{"embeddable":true,"href":"https:\/\/www.celec.gob.ec\/transelectric\/wp-json\/wp\/v2\/users\/1"}],"replies":[{"embeddable":true,"href":"https:\/\/www.celec.gob.ec\/transelectric\/wp-json\/wp\/v2\/comments?post=4590"}],"version-history":[{"count":0,"href":"https:\/\/www.celec.gob.ec\/transelectric\/wp-json\/wp\/v2\/posts\/4590\/revisions"}],"wp:featuredmedia":[{"embeddable":true,"href":"https:\/\/www.celec.gob.ec\/transelectric\/wp-json\/wp\/v2\/media\/4591"}],"wp:attachment":[{"href":"https:\/\/www.celec.gob.ec\/transelectric\/wp-json\/wp\/v2\/media?parent=4590"}],"wp:term":[{"taxonomy":"category","embeddable":true,"href":"https:\/\/www.celec.gob.ec\/transelectric\/wp-json\/wp\/v2\/categories?post=4590"},{"taxonomy":"post_tag","embeddable":true,"href":"https:\/\/www.celec.gob.ec\/transelectric\/wp-json\/wp\/v2\/tags?post=4590"}],"curies":[{"name":"wp","href":"https:\/\/api.w.org\/{rel}","templated":true}]}}