{"id":4596,"date":"2019-12-18T14:46:58","date_gmt":"2019-12-18T19:46:58","guid":{"rendered":"https:\/\/www.celec.gob.ec\/transelectric\/?p=2204"},"modified":"2019-12-18T14:46:58","modified_gmt":"2019-12-18T19:46:58","slug":"celec-ep-entrego-al-inpc-mobiliario-para-la-residencial-de-los-arqueologos-del-cerro-jaboncillo-en-manabi","status":"publish","type":"post","link":"https:\/\/www.celec.gob.ec\/transelectric\/uncategorized\/celec-ep-entrego-al-inpc-mobiliario-para-la-residencial-de-los-arqueologos-del-cerro-jaboncillo-en-manabi\/","title":{"rendered":"CELEC EP entreg\u00f3 al INPC mobiliario para la residencial de los arque\u00f3logos del Cerro Jaboncillo en Manab\u00ed"},"content":{"rendered":"<p style=\"text-align: justify;\">La Corporaci\u00f3n El\u00e9ctrica del Ecuador \u2013 CELEC EP \u2013 entreg\u00f3 al Instituto Nacional de Patrimonio Cultural \u2013 INPC, mobiliario que permitir\u00e1 adecuar la residencia de los arque\u00f3logos que trabajar\u00e1n en el desarrollo de las investigaciones en el Cerro Jaboncillo, en la parroquia Picoaz\u00e1 (Manab\u00ed).<\/p>\n<p style=\"text-align: justify;\">La entrega, que se desarroll\u00f3 este mi\u00e9rcoles 18 de diciembre, consisti\u00f3 en literas y colchones. Las acciones se enmarcan dentro de los acuerdos de colaboraci\u00f3n que CELEC EP realiz\u00f3 con el INPC, para mejorar las instalaciones y promover el desarrollo de las investigaciones arqueol\u00f3gicas en la zona. Equipar este lugar es una prioridad, ya que ser\u00e1 el sitio de acogida para arque\u00f3logos nacionales y extranjeros, impulsando nuevos hallazgos, coment\u00f3 Juan Jij\u00f3n, director del Centro de Investigaci\u00f3n Hojas Jaboncillo.<\/p>\n<p style=\"text-align: justify;\">En el programa participaron: Fernando Alb\u00e1n, jefe de Construcciones de CELEC EP TRANSELECTRIC; Juan Jij\u00f3n, director del Museo Cerro Jaboncillo; Lic. Carlos Gines, presidente de Las Fuerzas Vivas de Picoaz\u00e1 y Pedro Pablo Vera, presidente electo de Picoz\u00e1.<\/p>\n<p style=\"text-align: justify;\">En la zona, CELEC EP construye el sistema de transmisi\u00f3n de energ\u00eda el\u00e9ctrica Quevedo \u2013 San Gregorio \u2013 San Juan de Manta, a 230 mil voltios. La obra mejorar\u00e1 la calidad del servicio de transmisi\u00f3n de energ\u00eda m\u00e1s de 630 mil habitantes de la zona centro de Manab\u00ed. Los trabajos concluir\u00e1n en el primer trimestre del pr\u00f3ximo a\u00f1o.<\/p>\n<p style=\"text-align: center;\"><img loading=\"lazy\" decoding=\"async\" class=\" size-full wp-image-641\" src=\"https:\/\/www.celec.gob.ec\/transelectric\/wp-content\/uploads\/2018\/10\/2.jpg\" alt=\"2\" width=\"600\" height=\"450\" \/><\/p>\n<p style=\"text-align: center;\"><img loading=\"lazy\" decoding=\"async\" class=\" size-full wp-image-644\" src=\"https:\/\/www.celec.gob.ec\/transelectric\/wp-content\/uploads\/2018\/10\/1.jpg\" alt=\"1\" width=\"600\" height=\"400\" \/><\/p>\n","protected":false},"excerpt":{"rendered":"<p>La Corporaci\u00f3n El\u00e9ctrica del Ecuador \u2013 CELEC EP \u2013 entreg\u00f3 al Instituto Nacional de Patrimonio Cultural \u2013 INPC, mobiliario que permitir\u00e1 adecuar la residencia de los arque\u00f3logos que trabajar\u00e1n en el desarrollo de las investigaciones en el Cerro Jaboncillo, en la parroquia Picoaz\u00e1 (Manab\u00ed). La entrega, que se desarroll\u00f3 este mi\u00e9rcoles 18 de diciembre, consisti\u00f3 [&hellip;]<\/p>\n","protected":false},"author":1,"featured_media":4487,"comment_status":"open","ping_status":"open","sticky":false,"template":"","format":"standard","meta":{"_acf_changed":false,"inline_featured_image":false,"_themeisle_gutenberg_block_has_review":false,"footnotes":""},"categories":[1],"tags":[],"class_list":["post-4596","post","type-post","status-publish","format-standard","has-post-thumbnail","hentry","category-uncategorized"],"acf":[],"_links":{"self":[{"href":"https:\/\/www.celec.gob.ec\/transelectric\/wp-json\/wp\/v2\/posts\/4596","targetHints":{"allow":["GET"]}}],"collection":[{"href":"https:\/\/www.celec.gob.ec\/transelectric\/wp-json\/wp\/v2\/posts"}],"about":[{"href":"https:\/\/www.celec.gob.ec\/transelectric\/wp-json\/wp\/v2\/types\/post"}],"author":[{"embeddable":true,"href":"https:\/\/www.celec.gob.ec\/transelectric\/wp-json\/wp\/v2\/users\/1"}],"replies":[{"embeddable":true,"href":"https:\/\/www.celec.gob.ec\/transelectric\/wp-json\/wp\/v2\/comments?post=4596"}],"version-history":[{"count":0,"href":"https:\/\/www.celec.gob.ec\/transelectric\/wp-json\/wp\/v2\/posts\/4596\/revisions"}],"wp:featuredmedia":[{"embeddable":true,"href":"https:\/\/www.celec.gob.ec\/transelectric\/wp-json\/wp\/v2\/media\/4487"}],"wp:attachment":[{"href":"https:\/\/www.celec.gob.ec\/transelectric\/wp-json\/wp\/v2\/media?parent=4596"}],"wp:term":[{"taxonomy":"category","embeddable":true,"href":"https:\/\/www.celec.gob.ec\/transelectric\/wp-json\/wp\/v2\/categories?post=4596"},{"taxonomy":"post_tag","embeddable":true,"href":"https:\/\/www.celec.gob.ec\/transelectric\/wp-json\/wp\/v2\/tags?post=4596"}],"curies":[{"name":"wp","href":"https:\/\/api.w.org\/{rel}","templated":true}]}}