{"id":4606,"date":"2019-09-02T17:20:34","date_gmt":"2019-09-02T22:20:34","guid":{"rendered":"https:\/\/www.celec.gob.ec\/transelectric\/?p=2122"},"modified":"2019-09-02T17:20:34","modified_gmt":"2019-09-02T22:20:34","slug":"avanza-proceso-de-socializacion-del-sistema-de-transmision-que1vedo-san-gregorio-san-juan-de-manta-230-kv-en-picoaza","status":"publish","type":"post","link":"https:\/\/www.celec.gob.ec\/transelectric\/uncategorized\/avanza-proceso-de-socializacion-del-sistema-de-transmision-que1vedo-san-gregorio-san-juan-de-manta-230-kv-en-picoaza\/","title":{"rendered":"Avanza proceso de socializaci\u00f3n del sistema de transmisi\u00f3n Quevedo &#8211; San Gregorio &#8211; San Juan De Manta 230 kv. en Picoaz\u00e1"},"content":{"rendered":"<p style=\"text-align: justify;\"><span style=\"font-family: arial, helvetica, sans-serif; font-size: 10pt;\">La Corporaci\u00f3n El\u00e9ctrica del Ecuador, a trav\u00e9s de su Unidad de Negocio Transelectric, contin\u00faa con la socializaci\u00f3n del nuevo sistema de transmisi\u00f3n Quevedo \u2013 San Gregorio \u2013 San Juan de Manta, a 230 mil kilovoltios, obra que beneficiar\u00e1 a m\u00e1s de 630 mil habitantes de la zona centro de la provincia de Manab\u00ed y permitir\u00e1 mejorar la calidad del servicio y la seguridad del abastecimiento de energ\u00eda el\u00e9ctrica. En esta ocasi\u00f3n t\u00e9cnicos de CELEC EP acudieron al sector del Higuer\u00f3n de Picoaz\u00e1, cant\u00f3n Portoviejo, provincia de Manab\u00ed, para informar a los dirigentes comunitarios de toda la parroquia de Picoaza a cerca de los beneficios de este nuevo proyecto.<\/span><\/p>\n<p style=\"text-align: justify;\"><span style=\"font-family: arial, helvetica, sans-serif; font-size: 10pt;\">Andr\u00e9s Quiroga, jefe de Fiscalizaci\u00f3n del Proyecto, destac\u00f3 que el nuevo sistema busca satisfacer la creciente demanda y mejorar las condiciones del suministro de energ\u00eda para toda la provincia. Adem\u00e1s, indic\u00f3 que despu\u00e9s del terremoto del 2016, se evidenci\u00f3 un repunte de las actividades econ\u00f3micas de la provincia, lo cual obliga a aumentar la capacidad de transmisi\u00f3n de energ\u00eda el\u00e9ctrica, raz\u00f3n por la que se resolvi\u00f3 implementar este nuevo proyecto.<\/span><\/p>\n<p style=\"text-align: justify;\"><span style=\"font-family: arial, helvetica, sans-serif; font-size: 10pt;\">En el sector de Picoaz\u00e1 se repotenciar\u00e1 la l\u00ednea de transmisi\u00f3n con el remplazo de las antiguas torres de transmisi\u00f3n y la colocaci\u00f3n de otras nuevas. Adem\u00e1s, se realiz\u00f3 una redefinici\u00f3n de las coordenadas por donde atravesar\u00e1 la l\u00ednea de transmisi\u00f3n, este trabajo fue coordinado con el Instituto Nacional de Patrimonio a fin de evitar cruzar por el pol\u00edgono arqueol\u00f3gico delimitado por ese organismo.<\/span><\/p>\n<p style=\"text-align: justify;\"><span style=\"font-family: arial, helvetica, sans-serif; font-size: 10pt;\">Asimismo, Miguel Abad, t\u00e9cnico de CELEC EP Transelectric, explic\u00f3 el plan de reforestaci\u00f3n que se implementar\u00e1 en el cerro Jaboncillo, el que contar\u00e1 con el apoyo de la comunidad de Picoaz\u00e1, y que mitigar\u00e1 posibles efectos causados por la construcci\u00f3n de la l\u00ednea de transmisi\u00f3n en este sector.<\/span><\/p>\n<p style=\"text-align: justify;\"><span style=\"font-family: arial, helvetica, sans-serif; font-size: 10pt;\">Byron Velasco, t\u00e9cnico de Gesti\u00f3n Social del Proyecto, indic\u00f3 que la Corporaci\u00f3n El\u00e9ctrica del Ecuador tiene previsto continuar con el proceso de socializaci\u00f3n, recorriendo todos los barrios de la parroquia Picoaz\u00e1 para que los moradores tengan informaci\u00f3n sobre la construcci\u00f3n del nuevo sistema de transmisi\u00f3n el\u00e9ctrica. Tambi\u00e9n aclarar\u00e1n todas las dudas en torno esta obra que potenciar\u00e1 el desarrollo econ\u00f3mico y productivo de la provincia de Manab\u00ed.<\/span><\/p>\n<p style=\"text-align: justify;\"><span style=\"font-family: arial, helvetica, sans-serif; font-size: 10pt;\">Los moradores del Higuer\u00f3n de Picoaz\u00e1 agradecieron el proceso de socializaci\u00f3n que realizan t\u00e9cnicos de la Unidad de Negocio Transelectric. Hern\u00e1n Loor, presidente de la Junta Parroquial de Picoaz\u00e1, indic\u00f3 que los vecinos tienen una idea m\u00e1s clara del proyecto que se est\u00e1 ejecutando y resalt\u00f3 la importancia de que se realicen m\u00e1s socializaciones en toda la parroquia.<\/span><\/p>\n<p style=\"text-align: center;\"><img loading=\"lazy\" decoding=\"async\" class=\" size-full wp-image-2121\" src=\"https:\/\/www.celec.gob.ec\/transelectric\/wp-content\/uploads\/2019\/09\/piocaza.jpg\" alt=\"piocaza\" width=\"600\" height=\"599\" \/><\/p>\n<p style=\"text-align: justify;\"><span style=\"font-family: arial, helvetica, sans-serif; font-size: 10pt;\">La construcci\u00f3n de este nuevo sistema de transmisi\u00f3n cuenta con una inversi\u00f3n aproximada de USD 40.7 millones de d\u00f3lares de los Estados Unidos de Am\u00e9rica, de los cuales USD 31.9 millones son financiados con cr\u00e9dito del BID. Adem\u00e1s, hasta el momento se han generado 234 plazas de trabajo, directo e indirecto, lo cual beneficia al desarrollo econ\u00f3mico de la provincia.<\/span><\/p>\n","protected":false},"excerpt":{"rendered":"<p>La Corporaci\u00f3n El\u00e9ctrica del Ecuador, a trav\u00e9s de su Unidad de Negocio Transelectric, contin\u00faa con la socializaci\u00f3n del nuevo sistema de transmisi\u00f3n Quevedo \u2013 San Gregorio \u2013 San Juan de Manta, a 230 mil kilovoltios, obra que beneficiar\u00e1 a m\u00e1s de 630 mil habitantes de la zona centro de la provincia de Manab\u00ed y permitir\u00e1 [&hellip;]<\/p>\n","protected":false},"author":1,"featured_media":4607,"comment_status":"open","ping_status":"open","sticky":false,"template":"","format":"standard","meta":{"_acf_changed":false,"inline_featured_image":false,"_themeisle_gutenberg_block_has_review":false,"footnotes":""},"categories":[1],"tags":[],"class_list":["post-4606","post","type-post","status-publish","format-standard","has-post-thumbnail","hentry","category-uncategorized"],"acf":[],"_links":{"self":[{"href":"https:\/\/www.celec.gob.ec\/transelectric\/wp-json\/wp\/v2\/posts\/4606","targetHints":{"allow":["GET"]}}],"collection":[{"href":"https:\/\/www.celec.gob.ec\/transelectric\/wp-json\/wp\/v2\/posts"}],"about":[{"href":"https:\/\/www.celec.gob.ec\/transelectric\/wp-json\/wp\/v2\/types\/post"}],"author":[{"embeddable":true,"href":"https:\/\/www.celec.gob.ec\/transelectric\/wp-json\/wp\/v2\/users\/1"}],"replies":[{"embeddable":true,"href":"https:\/\/www.celec.gob.ec\/transelectric\/wp-json\/wp\/v2\/comments?post=4606"}],"version-history":[{"count":0,"href":"https:\/\/www.celec.gob.ec\/transelectric\/wp-json\/wp\/v2\/posts\/4606\/revisions"}],"wp:featuredmedia":[{"embeddable":true,"href":"https:\/\/www.celec.gob.ec\/transelectric\/wp-json\/wp\/v2\/media\/4607"}],"wp:attachment":[{"href":"https:\/\/www.celec.gob.ec\/transelectric\/wp-json\/wp\/v2\/media?parent=4606"}],"wp:term":[{"taxonomy":"category","embeddable":true,"href":"https:\/\/www.celec.gob.ec\/transelectric\/wp-json\/wp\/v2\/categories?post=4606"},{"taxonomy":"post_tag","embeddable":true,"href":"https:\/\/www.celec.gob.ec\/transelectric\/wp-json\/wp\/v2\/tags?post=4606"}],"curies":[{"name":"wp","href":"https:\/\/api.w.org\/{rel}","templated":true}]}}