{"id":4612,"date":"2019-08-28T22:26:05","date_gmt":"2019-08-29T03:26:05","guid":{"rendered":"https:\/\/www.celec.gob.ec\/transelectric\/?p=2116"},"modified":"2019-08-28T22:26:05","modified_gmt":"2019-08-29T03:26:05","slug":"celec-ep-inicia-proyecto-de-reforestacion-en-el-cerro-hojas-jaboncillo","status":"publish","type":"post","link":"https:\/\/www.celec.gob.ec\/transelectric\/uncategorized\/celec-ep-inicia-proyecto-de-reforestacion-en-el-cerro-hojas-jaboncillo\/","title":{"rendered":"CELEC EP inicia proyecto de reforestaci\u00f3n en el Cerro Hojas Jaboncillo"},"content":{"rendered":"<p style=\"text-align: justify;\"><span style=\"font-size: 10pt;\">Como parte de la construcci\u00f3n del sistema de transmisi\u00f3n Quevedo \u2013 San Gregorio \u2013 San Juan de Manta a 230 mil voltios, la Corporaci\u00f3n El\u00e9ctrica del Ecuador, a trav\u00e9s de su Unidad de Negocio Transelectric, inici\u00f3 el proyecto de reforestaci\u00f3n en el Cerro Hojas Jaboncillo, ubicado en la parroquia Picoaz\u00e1, a trav\u00e9s del cual se prev\u00e9 sembrar y cuidar alrededor de 1.500 especies nativas que se plantar\u00e1n en este lugar.<\/span><\/p>\n<p style=\"text-align: justify;\"><span style=\"font-size: 10pt;\">A inicios de esta semana, t\u00e9cnicos de la Unidad de Negocio Transelectric, conjuntamente con Miguel Rodr\u00edguez, guardi\u00e1n del bosque Cerro Hojas Jaboncillo, iniciaron el proceso de recolecci\u00f3n de las semillas que ser\u00e1n utilizadas en el proceso de reforestaci\u00f3n. Previamente, el guardi\u00e1n del bosque indic\u00f3 que las semillas que deben recogerse son: ceiba, barbasco, caraca, palo santo, jaileo botillo y seca. Adem\u00e1s, resalt\u00f3 la importancia del cuidado de la naturaleza y realiz\u00f3 un ritual simb\u00f3lico de purificaci\u00f3n, buscando generar mayor compromiso y apego con lo natural.<\/span><\/p>\n<p style=\"text-align: justify;\"><span style=\"font-size: 10pt;\">CELEC EP desarrolla sus obras de transmisi\u00f3n con responsabilidad social, ambiental y de respeto con la naturaleza, raz\u00f3n por la cual se impulsan acciones ambientales que buscan minimizar y mitigar los posibles impactos generados por la construcci\u00f3n del sistema de transmisi\u00f3n Quevedo \u2013 San Gregorio \u2013 San Juan de Manta a 230 mil voltios, principalmente en el Cerro Hojas \u2013 Jaboncillo.<\/span><\/p>\n<p style=\"text-align: justify;\"><span style=\"font-size: 10pt;\">El plan de reforestaci\u00f3n es parte de las acciones implementadas por CELEC EP para remediar los impactos causados por la ejecuci\u00f3n de este proyecto busca incluir a la comunidad, promoviendo la participaci\u00f3n, organizaci\u00f3n y articulaci\u00f3n de los actores sociales vinculados al proceso de conservaci\u00f3n del cerro Hojas \u2013 Jaboncillo, mediante la prestaci\u00f3n de servicios para ejecutar el plan de reforestaci\u00f3n. Este proyecto fue socializado y consensuado con los presidentes de los diferentes barrios de la parroquia de Picoaz\u00e1.<\/span><\/p>\n<p style=\"text-align: justify;\"><span style=\"font-size: 10pt;\"><strong>Sistema de transmisi\u00f3n Quevedo \u2013 San Gregorio \u2013 San Juan de Manta a 230 mil voltios<\/strong><\/span><\/p>\n<p style=\"text-align: justify;\"><span style=\"font-size: 10pt;\">El nuevo sistema de transmisi\u00f3n de energ\u00eda el\u00e9ctrica Quevedo-San Gregorio-San Juan de Manta, a 230 mil voltios, mejorar\u00e1 la confiabilidad del servicio de transmisi\u00f3n y el abastecimiento de la demanda de energ\u00eda el\u00e9ctrica actual y futura para los habitantes de la provincia de Manab\u00ed y del sector industrial, lo cual fortalecer\u00e1 el desarrollo econ\u00f3mico en esta importante zona.<\/span><\/p>\n<p style=\"text-align: justify;\"><span style=\"font-size: 10pt;\">Como parte de las obras de este sistema est\u00e1 la construcci\u00f3n de la l\u00ednea de trasmisi\u00f3n San Gregorio &#8211; San Juan de Manta y de la subestaci\u00f3n San Juan de Manta; y las ampliaciones de las subestaciones San Gregorio y Quevedo, que actualmente en est\u00e1n operaci\u00f3n.<\/span><\/p>\n<p style=\"text-align: center;\"><img loading=\"lazy\" decoding=\"async\" class=\" size-full wp-image-2115\" src=\"https:\/\/www.celec.gob.ec\/transelectric\/wp-content\/uploads\/2019\/08\/Fotos-semillas-manta.jpg\" alt=\"Fotos semillas manta\" width=\"600\" height=\"600\" \/><\/p>\n<p style=\"text-align: center;\">&nbsp;<\/p>\n","protected":false},"excerpt":{"rendered":"<p>Como parte de la construcci\u00f3n del sistema de transmisi\u00f3n Quevedo \u2013 San Gregorio \u2013 San Juan de Manta a 230 mil voltios, la Corporaci\u00f3n El\u00e9ctrica del Ecuador, a trav\u00e9s de su Unidad de Negocio Transelectric, inici\u00f3 el proyecto de reforestaci\u00f3n en el Cerro Hojas Jaboncillo, ubicado en la parroquia Picoaz\u00e1, a trav\u00e9s del cual se [&hellip;]<\/p>\n","protected":false},"author":1,"featured_media":4613,"comment_status":"open","ping_status":"open","sticky":false,"template":"","format":"standard","meta":{"_acf_changed":false,"inline_featured_image":false,"_themeisle_gutenberg_block_has_review":false,"footnotes":""},"categories":[1],"tags":[],"class_list":["post-4612","post","type-post","status-publish","format-standard","has-post-thumbnail","hentry","category-uncategorized"],"acf":[],"_links":{"self":[{"href":"https:\/\/www.celec.gob.ec\/transelectric\/wp-json\/wp\/v2\/posts\/4612","targetHints":{"allow":["GET"]}}],"collection":[{"href":"https:\/\/www.celec.gob.ec\/transelectric\/wp-json\/wp\/v2\/posts"}],"about":[{"href":"https:\/\/www.celec.gob.ec\/transelectric\/wp-json\/wp\/v2\/types\/post"}],"author":[{"embeddable":true,"href":"https:\/\/www.celec.gob.ec\/transelectric\/wp-json\/wp\/v2\/users\/1"}],"replies":[{"embeddable":true,"href":"https:\/\/www.celec.gob.ec\/transelectric\/wp-json\/wp\/v2\/comments?post=4612"}],"version-history":[{"count":0,"href":"https:\/\/www.celec.gob.ec\/transelectric\/wp-json\/wp\/v2\/posts\/4612\/revisions"}],"wp:featuredmedia":[{"embeddable":true,"href":"https:\/\/www.celec.gob.ec\/transelectric\/wp-json\/wp\/v2\/media\/4613"}],"wp:attachment":[{"href":"https:\/\/www.celec.gob.ec\/transelectric\/wp-json\/wp\/v2\/media?parent=4612"}],"wp:term":[{"taxonomy":"category","embeddable":true,"href":"https:\/\/www.celec.gob.ec\/transelectric\/wp-json\/wp\/v2\/categories?post=4612"},{"taxonomy":"post_tag","embeddable":true,"href":"https:\/\/www.celec.gob.ec\/transelectric\/wp-json\/wp\/v2\/tags?post=4612"}],"curies":[{"name":"wp","href":"https:\/\/api.w.org\/{rel}","templated":true}]}}