{"id":4645,"date":"2019-04-26T13:30:45","date_gmt":"2019-04-26T18:30:45","guid":{"rendered":"https:\/\/www.celec.gob.ec\/transelectric\/?p=2022"},"modified":"2019-04-26T13:30:45","modified_gmt":"2019-04-26T18:30:45","slug":"reunion-de-trabajo-para-presentar-cronograma-de-inicio-de-obra-de-ampliacion-de-la-subestacion-esmeraldas","status":"publish","type":"post","link":"https:\/\/www.celec.gob.ec\/transelectric\/uncategorized\/reunion-de-trabajo-para-presentar-cronograma-de-inicio-de-obra-de-ampliacion-de-la-subestacion-esmeraldas\/","title":{"rendered":"Reuni\u00f3n de trabajo para presentar cronograma de inicio de obra de ampliaci\u00f3n de la subestaci\u00f3n Esmeraldas"},"content":{"rendered":"<p>CELEC EP TRANSELECTRIC con la finalidad de abastecer el crecimiento de la demanda de energ\u00eda el\u00e9ctrica de la Refiner\u00eda, a nivel de 230 kV, ejecutar\u00e1 la ampliaci\u00f3n de la subestaci\u00f3n Esmeraldas con la construcci\u00f3n de una bah\u00eda de l\u00ednea a 230 kV.<\/p>\n<p>Para cumplir este prop\u00f3sito, el pasado 26 de abril, se realiz\u00f3 en la subestaci\u00f3n Esmeraldas, la reuni\u00f3n de inicio de trabajo, que cont\u00f3 con la participaci\u00f3n del Gerente de la Unidad de Negocio, Ra\u00fal Canelos, t\u00e9cnicos de CELEC EP TRANSELECTRIC y personal de la Contratista Pileggi Construcciones, responsable de la edificaci\u00f3n de esta importante obra, marcando el arranque para la ejecuci\u00f3n de los trabajos.<\/p>\n<p>Durante la reuni\u00f3n se present\u00f3 y analiz\u00f3 el cronograma con la planificaci\u00f3n de los trabajos para la ejecuci\u00f3n de la obra y posteriormente se realiz\u00f3 un recorrido en las instalaciones de la subestaci\u00f3n Esmeraldas, patio de 230 kV, sala de tableros, y el sitio donde se construir\u00e1 la ampliaci\u00f3n.<\/p>\n<p>Con esta obra se brindar\u00e1 mayor confiabilidad a la Refiner\u00eda de Esmeraldas, beneficiando directamente la gesti\u00f3n de Petroecuador.<\/p>\n<p>CELEC EP evidencia su compromiso con el trabajo diario para fortalecer el servicio de transmisi\u00f3n en beneficio del pa\u00eds.<\/p>\n","protected":false},"excerpt":{"rendered":"<p>CELEC EP TRANSELECTRIC con la finalidad de abastecer el crecimiento de la demanda de energ\u00eda el\u00e9ctrica de la Refiner\u00eda, a nivel de 230 kV, ejecutar\u00e1 la ampliaci\u00f3n de la subestaci\u00f3n Esmeraldas con la construcci\u00f3n de una bah\u00eda de l\u00ednea a 230 kV. Para cumplir este prop\u00f3sito, el pasado 26 de abril, se realiz\u00f3 en la [&hellip;]<\/p>\n","protected":false},"author":1,"featured_media":0,"comment_status":"open","ping_status":"open","sticky":false,"template":"","format":"standard","meta":{"_acf_changed":false,"inline_featured_image":false,"_themeisle_gutenberg_block_has_review":false,"footnotes":""},"categories":[1],"tags":[],"class_list":["post-4645","post","type-post","status-publish","format-standard","hentry","category-uncategorized"],"acf":[],"_links":{"self":[{"href":"https:\/\/www.celec.gob.ec\/transelectric\/wp-json\/wp\/v2\/posts\/4645","targetHints":{"allow":["GET"]}}],"collection":[{"href":"https:\/\/www.celec.gob.ec\/transelectric\/wp-json\/wp\/v2\/posts"}],"about":[{"href":"https:\/\/www.celec.gob.ec\/transelectric\/wp-json\/wp\/v2\/types\/post"}],"author":[{"embeddable":true,"href":"https:\/\/www.celec.gob.ec\/transelectric\/wp-json\/wp\/v2\/users\/1"}],"replies":[{"embeddable":true,"href":"https:\/\/www.celec.gob.ec\/transelectric\/wp-json\/wp\/v2\/comments?post=4645"}],"version-history":[{"count":0,"href":"https:\/\/www.celec.gob.ec\/transelectric\/wp-json\/wp\/v2\/posts\/4645\/revisions"}],"wp:attachment":[{"href":"https:\/\/www.celec.gob.ec\/transelectric\/wp-json\/wp\/v2\/media?parent=4645"}],"wp:term":[{"taxonomy":"category","embeddable":true,"href":"https:\/\/www.celec.gob.ec\/transelectric\/wp-json\/wp\/v2\/categories?post=4645"},{"taxonomy":"post_tag","embeddable":true,"href":"https:\/\/www.celec.gob.ec\/transelectric\/wp-json\/wp\/v2\/tags?post=4645"}],"curies":[{"name":"wp","href":"https:\/\/api.w.org\/{rel}","templated":true}]}}