{"id":4781,"date":"2020-03-25T13:59:47","date_gmt":"2020-03-25T18:59:47","guid":{"rendered":"https:\/\/www.celec.gob.ec\/transelectric\/?p=2297"},"modified":"2020-03-25T13:59:47","modified_gmt":"2020-03-25T18:59:47","slug":"falla-ocurrida-en-subestacion-pascuales-guayaquil-se-solvento-y-se-normalizo-la-entrega-de-energia-electrica","status":"publish","type":"post","link":"https:\/\/www.celec.gob.ec\/transelectric\/uncategorized\/falla-ocurrida-en-subestacion-pascuales-guayaquil-se-solvento-y-se-normalizo-la-entrega-de-energia-electrica\/","title":{"rendered":"Falla ocurrida en subestaci\u00f3n Pascuales (Guayaquil) se solvent\u00f3 y se normaliz\u00f3 la entrega de energ\u00eda el\u00e9ctrica"},"content":{"rendered":"<p>Guayaquil, 25 de marzo de 2020<\/p>\n<p>&nbsp;<\/p>\n<p><span data-contrast=\"auto\">La Corporaci\u00f3n El\u00e9ctrica del Ecuador &#8211;<\/span><span data-contrast=\"auto\">CELEC EP<\/span><span data-contrast=\"auto\"><\/span><span data-contrast=\"auto\">informa que l<\/span><span data-contrast=\"auto\">a falla ocurrida<\/span><span data-contrast=\"auto\">, ayer 24 de marzo a las 18:43,&nbsp;<\/span><span data-contrast=\"auto\">&nbsp;en&nbsp;<\/span><span data-contrast=\"auto\">la subestaci\u00f3n P<\/span><span data-contrast=\"auto\">ascuales,&nbsp;<\/span><span data-contrast=\"auto\">ubicada en&nbsp;<\/span><span data-contrast=\"auto\">la ciudad de&nbsp;<\/span><span data-contrast=\"auto\">Guayaquil,&nbsp; y operada por su<\/span><span data-contrast=\"auto\">&nbsp;Unidad de Negocio&nbsp;<\/span><span data-contrast=\"auto\">TRANS<\/span><span data-contrast=\"auto\">E<\/span><span data-contrast=\"auto\">LECTRIC,&nbsp;<\/span><span data-contrast=\"auto\">&nbsp;se debi\u00f3 a un problema en el<\/span><span data-contrast=\"auto\">&nbsp;equipo<\/span><span data-contrast=\"auto\">&nbsp;primario<\/span><span data-contrast=\"auto\">&nbsp;de&nbsp;<\/span><span data-contrast=\"auto\">una<\/span><span data-contrast=\"auto\">&nbsp;bah\u00eda perteneciente a&nbsp;<\/span><span data-contrast=\"auto\">la Secretar\u00eda del Agua &#8211; SENAGUA<\/span><span data-contrast=\"auto\">.<\/span><span data-ccp-props=\"{&quot;201341983&quot;:0,&quot;335551550&quot;:6,&quot;335551620&quot;:6,&quot;335559739&quot;:160,&quot;335559740&quot;:259}\"><\/span><\/p>\n<p><span data-contrast=\"auto\">Esta bah\u00eda est\u00e1 ubicada dentro de las instalaciones de la subestaci\u00f3n Pascuales y es operada por el personal de la Unidad de Negocio Trans<\/span><span data-contrast=\"auto\">e<\/span><span data-contrast=\"auto\">lectric.<\/span><span data-ccp-props=\"{&quot;201341983&quot;:0,&quot;335551550&quot;:6,&quot;335551620&quot;:6,&quot;335559739&quot;:160,&quot;335559740&quot;:259}\"><\/span><\/p>\n<p><span data-contrast=\"auto\">La afectaci\u00f3n del equipo, espec\u00edficamente&nbsp;<\/span><span data-contrast=\"auto\">de&nbsp;<\/span><span data-contrast=\"auto\">un transformador<\/span><span data-contrast=\"auto\">&nbsp;de corriente<\/span><span data-contrast=\"auto\">,&nbsp; provoc\u00f3 que se desconecte toda la barra de 138 mil voltios,&nbsp;<\/span><span data-contrast=\"auto\">&nbsp;lo cual afect\u00f3&nbsp;<\/span><span data-contrast=\"auto\">el servicio de energ\u00eda el\u00e9ctrica a varios sectores de la<\/span><span data-contrast=\"auto\">s<\/span><span data-contrast=\"auto\">&nbsp;provincia<\/span><span data-contrast=\"auto\">s<\/span><span data-contrast=\"auto\">&nbsp;de Guayas y Santa Elena<\/span><span data-contrast=\"auto\">.&nbsp;<\/span><span data-ccp-props=\"{&quot;201341983&quot;:0,&quot;335551550&quot;:6,&quot;335551620&quot;:6,&quot;335559739&quot;:160,&quot;335559740&quot;:259}\"><\/span><\/p>\n<p><span data-contrast=\"auto\">P<\/span><span data-contrast=\"auto\">ersonal de operaci\u00f3n&nbsp;<\/span><span data-contrast=\"auto\">de la UN Transelectric solvent\u00f3 el problema en esas<\/span><span data-contrast=\"auto\">&nbsp;instalaciones&nbsp;<\/span><span data-contrast=\"auto\">y a partir de las 19:00 se normaliz\u00f3 paulatinamente la entrega d<\/span><span data-contrast=\"auto\">el servicio&nbsp;<\/span><span data-contrast=\"auto\">de energ\u00eda el\u00e9ctrica&nbsp;<\/span><span data-contrast=\"auto\">a las empresas distribuidoras&nbsp;<\/span><span data-contrast=\"auto\">afectadas de CNEL EP Unidades de Negocio: Guayas-<\/span><span data-contrast=\"auto\">Los R\u00edos, Guayas y Santa Elena.<\/span><span data-ccp-props=\"{&quot;201341983&quot;:0,&quot;335551550&quot;:6,&quot;335551620&quot;:6,&quot;335559739&quot;:160,&quot;335559740&quot;:259}\"><\/span><\/p>\n<p><span data-contrast=\"auto\">Debido al da\u00f1o suf<\/span><span data-contrast=\"auto\">rido&nbsp;<\/span><span data-contrast=\"auto\">el equipo<\/span><span data-contrast=\"auto\">&nbsp;est\u00e1<\/span><span data-contrast=\"auto\">&nbsp;indisponible<\/span><span data-contrast=\"auto\">.&nbsp;<\/span><span data-contrast=\"auto\">Al momento<\/span><span data-contrast=\"auto\">&nbsp;se realizan las&nbsp;<\/span><span data-contrast=\"auto\">gestiones con personal t\u00e9cnico de SENAGUA para que se proceda a realizar el cambio de los elementos afectados.<\/span><span data-contrast=\"auto\"><\/span><span data-contrast=\"auto\">Por si parte,&nbsp;<\/span><span data-contrast=\"auto\">CELEC EP&nbsp;<\/span><span data-contrast=\"auto\">Transelectric compromete todos sus recursos y personal&nbsp;<\/span><span data-contrast=\"auto\">t\u00e9cnico&nbsp;<\/span><span data-contrast=\"auto\">para&nbsp;<\/span><span data-contrast=\"auto\">colaborar con SENAGUA, encontrar una soluci\u00f3n definitiva y&nbsp;<\/span><span data-contrast=\"auto\">normalizar&nbsp;<\/span><span data-contrast=\"auto\">el funcionamiento de dichas instalaciones<\/span><span data-contrast=\"auto\">.<\/span><span data-ccp-props=\"{&quot;201341983&quot;:0,&quot;335551550&quot;:6,&quot;335551620&quot;:6,&quot;335559739&quot;:160,&quot;335559740&quot;:259}\"><\/span><\/p>\n","protected":false},"excerpt":{"rendered":"<p>Guayaquil, 25 de marzo de 2020 &nbsp; La Corporaci\u00f3n El\u00e9ctrica del Ecuador &#8211;CELEC EPinforma que la falla ocurrida, ayer 24 de marzo a las 18:43,&nbsp;&nbsp;en&nbsp;la subestaci\u00f3n Pascuales,&nbsp;ubicada en&nbsp;la ciudad de&nbsp;Guayaquil,&nbsp; y operada por su&nbsp;Unidad de Negocio&nbsp;TRANSELECTRIC,&nbsp;&nbsp;se debi\u00f3 a un problema en el&nbsp;equipo&nbsp;primario&nbsp;de&nbsp;una&nbsp;bah\u00eda perteneciente a&nbsp;la Secretar\u00eda del Agua &#8211; SENAGUA. Esta bah\u00eda est\u00e1 ubicada dentro de [&hellip;]<\/p>\n","protected":false},"author":1,"featured_media":0,"comment_status":"open","ping_status":"open","sticky":false,"template":"","format":"standard","meta":{"_acf_changed":false,"inline_featured_image":false,"_themeisle_gutenberg_block_has_review":false,"footnotes":""},"categories":[1],"tags":[],"class_list":["post-4781","post","type-post","status-publish","format-standard","hentry","category-uncategorized"],"acf":[],"_links":{"self":[{"href":"https:\/\/www.celec.gob.ec\/transelectric\/wp-json\/wp\/v2\/posts\/4781","targetHints":{"allow":["GET"]}}],"collection":[{"href":"https:\/\/www.celec.gob.ec\/transelectric\/wp-json\/wp\/v2\/posts"}],"about":[{"href":"https:\/\/www.celec.gob.ec\/transelectric\/wp-json\/wp\/v2\/types\/post"}],"author":[{"embeddable":true,"href":"https:\/\/www.celec.gob.ec\/transelectric\/wp-json\/wp\/v2\/users\/1"}],"replies":[{"embeddable":true,"href":"https:\/\/www.celec.gob.ec\/transelectric\/wp-json\/wp\/v2\/comments?post=4781"}],"version-history":[{"count":0,"href":"https:\/\/www.celec.gob.ec\/transelectric\/wp-json\/wp\/v2\/posts\/4781\/revisions"}],"wp:attachment":[{"href":"https:\/\/www.celec.gob.ec\/transelectric\/wp-json\/wp\/v2\/media?parent=4781"}],"wp:term":[{"taxonomy":"category","embeddable":true,"href":"https:\/\/www.celec.gob.ec\/transelectric\/wp-json\/wp\/v2\/categories?post=4781"},{"taxonomy":"post_tag","embeddable":true,"href":"https:\/\/www.celec.gob.ec\/transelectric\/wp-json\/wp\/v2\/tags?post=4781"}],"curies":[{"name":"wp","href":"https:\/\/api.w.org\/{rel}","templated":true}]}}