{"id":4784,"date":"2020-03-19T16:20:34","date_gmt":"2020-03-19T21:20:34","guid":{"rendered":"https:\/\/www.celec.gob.ec\/transelectric\/?p=2294"},"modified":"2020-03-19T16:20:34","modified_gmt":"2020-03-19T21:20:34","slug":"celec-ep-y-la-comunidad-de-picoaza-sembraron-3-600-plantas-en-el-cerro-hojas-jaboncillo-manabi","status":"publish","type":"post","link":"https:\/\/www.celec.gob.ec\/transelectric\/uncategorized\/celec-ep-y-la-comunidad-de-picoaza-sembraron-3-600-plantas-en-el-cerro-hojas-jaboncillo-manabi\/","title":{"rendered":"CELEC EP y la comunidad de Picoaz\u00e1 sembraron 3 600 plantas en el Cerro Hojas Jaboncillo &#8211; Manab\u00ed"},"content":{"rendered":"<p>Quito, 19 de Marzo de 2020<\/p>\n<p><strong>&nbsp;<em>CELEC EP impuls\u00f3 la siembra de plantas end\u00e9micas en la reserva arqueol\u00f3gica del Cerro Hojas Jaboncillo, en Picoaz\u00e1, provincia de Manab\u00ed.<\/em><\/strong><\/p>\n<p style=\"text-align: center;\"><img loading=\"lazy\" decoding=\"async\" class=\" size-full wp-image-2293\" src=\"https:\/\/www.celec.gob.ec\/transelectric\/wp-content\/uploads\/2020\/03\/picoaza1.jpg\" alt=\"picoaza1\" width=\"600\" height=\"400\" \/><\/p>\n<p style=\"text-align: center;\"><strong><br \/> <\/strong><em>Parte del equipo t\u00e9cnico de CELEC EP \u2013 Transelectric y de la comunidad que participo en la reforestaci\u00f3n de la zona.<\/em><\/p>\n<p>&nbsp;<\/p>\n<p>Con la siembra de 3 600 plantas end\u00e9micas concluy\u00f3 el proceso de reforestaci\u00f3n de un tramo del Cerro Hojas Jaboncillo, ubicado en la parroquia Picoaz\u00e1 (Portoviejo \u2013 Manab\u00ed). Este hecho marca un precedente por ser la primera vez que en esta zona se realiza una plantaci\u00f3n de tal magnitud.<\/p>\n<p>La siembra se efectu\u00f3 en un espacio de 17 hect\u00e1reas. El \u00e1rea de intervenci\u00f3n fue definida en conjunto con el equipo de trabajo del Instituto Nacional de Patrimonio Cultural, zonal 4, -INPC. Las plantas sembradas fueron de las especies: ceiba, barbasco, caraca, palo santo, botillo, seca, jaboncillo, entre otras.<\/p>\n<p>Esta acci\u00f3n impulsada por la Corporaci\u00f3n El\u00e9ctrica del Ecuador &#8211; CELEC EP, a trav\u00e9s de su Unidad de Negocio Transelectric, impulsar\u00e1 a esta reserva arqueol\u00f3gica como una atracci\u00f3n tur\u00edstica y generar\u00e1 actividad econ\u00f3mica en beneficio de los habitantes de la parroquia Picoaz\u00e1.<\/p>\n<p>El proceso de reforestaci\u00f3n se inici\u00f3 en agosto de 2019 y se cumpli\u00f3 en varias etapas. Se inici\u00f3 con la recolecci\u00f3n de semillas, la construcci\u00f3n de viveros comunitarios y familiares que se ubicaron en los barrios Picoaz\u00e1 Centro e Higuer\u00f3n Adentro. En este trabajo participaron los habitantes de la parroquia y concluy\u00f3 con la siembra de las plantas los primeros d\u00edas de marzo de 2020.<\/p>\n<p>El guardi\u00e1n del bosque Miguel Rodr\u00edguez realiz\u00f3 una ceremonia de bendici\u00f3n de las plantas que se sembraron en el Cerro Hojas Jaboncillo, en el evento participaron delegados de la Gobernaci\u00f3n de Manab\u00ed, Direcci\u00f3n Provincial del Ambiente y del Instituto Nacional de Patrimonio Cultural, zonal 4, &#8211; INPC.<\/p>\n<p>\u201cLa ceremonia fue para que los arboles crezcan fuertes y sanos, y sean parte de la vida para la vida\u201d, dijo Miguel Rodr\u00edguez.<\/p>\n<p>Elizabeth \u00c1lvarez, presidenta de la Comuna Ancestral Cacique Picoa, expres\u00f3 su \u201cagradecimiento a CELEC EP por reforestar el Cerro Hojas Jaboncillo junto a la comunidad que se une a esta causa, por cuanto contribuir\u00e1 al desarrollo de toda la comunidad\u201d.<\/p>\n<p>La reforestaci\u00f3n del cerro forma parte de las medidas ambientales aplicadas durante la construcci\u00f3n del sistema de transmisi\u00f3n el\u00e9ctrica Quevedo &#8211; San Gregorio &#8211; San Juan de Manta a 230 mil voltios. La obra tiene una inversi\u00f3n aproximada de USD 45 millones y fortalecer\u00e1 el servicio de transmisi\u00f3n de energ\u00eda el\u00e9ctrica para los cantones de la zona centro de la provincia de Manab\u00ed, y contribuir\u00e1 al desarrollo de nuevas actividades econ\u00f3micas en la provincia. La obra entrar\u00e1 en operaci\u00f3n el segundo trimestre de este a\u00f1o.<\/p>\n","protected":false},"excerpt":{"rendered":"<p>Quito, 19 de Marzo de 2020 &nbsp;CELEC EP impuls\u00f3 la siembra de plantas end\u00e9micas en la reserva arqueol\u00f3gica del Cerro Hojas Jaboncillo, en Picoaz\u00e1, provincia de Manab\u00ed. Parte del equipo t\u00e9cnico de CELEC EP \u2013 Transelectric y de la comunidad que participo en la reforestaci\u00f3n de la zona. &nbsp; Con la siembra de 3 600 [&hellip;]<\/p>\n","protected":false},"author":1,"featured_media":4785,"comment_status":"open","ping_status":"open","sticky":false,"template":"","format":"standard","meta":{"_acf_changed":false,"inline_featured_image":false,"_themeisle_gutenberg_block_has_review":false,"footnotes":""},"categories":[1],"tags":[],"class_list":["post-4784","post","type-post","status-publish","format-standard","has-post-thumbnail","hentry","category-uncategorized"],"acf":[],"_links":{"self":[{"href":"https:\/\/www.celec.gob.ec\/transelectric\/wp-json\/wp\/v2\/posts\/4784","targetHints":{"allow":["GET"]}}],"collection":[{"href":"https:\/\/www.celec.gob.ec\/transelectric\/wp-json\/wp\/v2\/posts"}],"about":[{"href":"https:\/\/www.celec.gob.ec\/transelectric\/wp-json\/wp\/v2\/types\/post"}],"author":[{"embeddable":true,"href":"https:\/\/www.celec.gob.ec\/transelectric\/wp-json\/wp\/v2\/users\/1"}],"replies":[{"embeddable":true,"href":"https:\/\/www.celec.gob.ec\/transelectric\/wp-json\/wp\/v2\/comments?post=4784"}],"version-history":[{"count":0,"href":"https:\/\/www.celec.gob.ec\/transelectric\/wp-json\/wp\/v2\/posts\/4784\/revisions"}],"wp:featuredmedia":[{"embeddable":true,"href":"https:\/\/www.celec.gob.ec\/transelectric\/wp-json\/wp\/v2\/media\/4785"}],"wp:attachment":[{"href":"https:\/\/www.celec.gob.ec\/transelectric\/wp-json\/wp\/v2\/media?parent=4784"}],"wp:term":[{"taxonomy":"category","embeddable":true,"href":"https:\/\/www.celec.gob.ec\/transelectric\/wp-json\/wp\/v2\/categories?post=4784"},{"taxonomy":"post_tag","embeddable":true,"href":"https:\/\/www.celec.gob.ec\/transelectric\/wp-json\/wp\/v2\/tags?post=4784"}],"curies":[{"name":"wp","href":"https:\/\/api.w.org\/{rel}","templated":true}]}}