{"id":4787,"date":"2020-02-14T19:33:05","date_gmt":"2020-02-15T00:33:05","guid":{"rendered":"https:\/\/www.celec.gob.ec\/transelectric\/?p=2276"},"modified":"2020-02-14T19:33:05","modified_gmt":"2020-02-15T00:33:05","slug":"la-construccion-del-sistema-de-transmision-quevedo-san-gregorio-san-juan-de-manta-registra-un-avance-del-86-por-ciento","status":"publish","type":"post","link":"https:\/\/www.celec.gob.ec\/transelectric\/uncategorized\/la-construccion-del-sistema-de-transmision-quevedo-san-gregorio-san-juan-de-manta-registra-un-avance-del-86-por-ciento\/","title":{"rendered":"La construcci\u00f3n del Sistema de transmisi\u00f3n Quevedo &#8211; San Gregorio &#8211; San Juan de Manta  registra un avance del 86 por ciento"},"content":{"rendered":"<p><span style=\"font-size: 10pt;\"> Manta, 14 de febrero de 2020<\/span><\/p>\n<p><span style=\"font-size: 10pt;\">Bolet\u00edn de prensa&nbsp;<\/span><\/p>\n<p style=\"text-align: center;\"><img loading=\"lazy\" decoding=\"async\" class=\" size-full wp-image-2275\" src=\"https:\/\/www.celec.gob.ec\/transelectric\/wp-content\/uploads\/2020\/02\/mapa.jpg\" alt=\"mapa\" width=\"650\" height=\"328\" \/><\/p>\n<h1><span style=\"font-size: 10pt;\"><em>La obra beneficia a m\u00e1s de 632 mil personas de los cantones ubicados en la zona centro de la provincia de Manab\u00ed, con una inversi\u00f3n de USD 45,5 millones. Su ejecuci\u00f3n gener\u00f3 400 fuentes de empleo directo. <\/em><\/span><\/h1>\n<p><span style=\"font-size: 10pt;\">&nbsp;&nbsp;&nbsp;&nbsp;&nbsp;&nbsp;&nbsp;&nbsp;&nbsp;&nbsp;&nbsp;&nbsp;&nbsp;&nbsp;&nbsp;&nbsp;&nbsp;&nbsp;&nbsp;&nbsp;&nbsp;&nbsp;&nbsp;&nbsp;&nbsp;&nbsp;&nbsp;&nbsp;&nbsp;&nbsp;&nbsp;&nbsp;&nbsp;&nbsp;&nbsp;&nbsp;&nbsp;&nbsp;&nbsp;&nbsp;&nbsp;&nbsp;&nbsp;&nbsp;&nbsp;&nbsp;&nbsp;&nbsp;&nbsp;&nbsp;&nbsp;&nbsp;&nbsp;&nbsp;&nbsp;&nbsp;&nbsp;&nbsp;&nbsp;&nbsp;&nbsp;&nbsp;&nbsp;&nbsp;&nbsp;&nbsp;&nbsp;&nbsp;&nbsp;&nbsp;&nbsp;&nbsp;&nbsp;&nbsp;&nbsp;&nbsp;&nbsp;&nbsp;&nbsp;&nbsp;&nbsp;&nbsp;&nbsp;&nbsp;&nbsp;&nbsp;&nbsp;&nbsp;&nbsp;&nbsp;&nbsp;&nbsp;&nbsp;&nbsp;&nbsp;&nbsp;&nbsp;&nbsp;&nbsp;&nbsp;<\/span><\/p>\n<p><span style=\"font-size: 10pt;\">El Gobierno Nacional, a trav\u00e9s del Ministerio de Energ\u00eda y Recursos Naturales No Renovables y la Corporaci\u00f3n El\u00e9ctrica del Ecuador CELEC EP, construye el nuevo sistema de transmisi\u00f3n el\u00e9ctrica Quevedo &#8211; San Gregorio &#8211; San Juan de Manta, a 230 mil voltios. La obra beneficiar\u00e1 a los habitantes de la provincia de Manab\u00ed con un nuevo punto de conexi\u00f3n desde el Sistema Nacional de Transmisi\u00f3n (SNT) para la Corporaci\u00f3n Nacional de Electricidad (CNEL EP), entidad responsable de la distribuci\u00f3n y comercializaci\u00f3n de energ\u00eda en esa provincia.<\/span><\/p>\n<p><span style=\"font-size: 10pt;\">Con una inversi\u00f3n de 45.5 millones de d\u00f3lares, esta obra optimizar\u00e1 el servicio de transmisi\u00f3n de energ\u00eda el\u00e9ctrica en esta provincia, para mejorar la calidad del voltaje. El nuevo sistema beneficiar\u00e1 a m\u00e1s de 632 000 habitantes de la zona centro de Manab\u00ed (Portoviejo, Rocafuerte, Tosagua, Jun\u00edn, Bol\u00edvar, Santa Ana y 24 de Mayo), al incrementar la confiabilidad en el abastecimiento de energ\u00eda el\u00e9ctrica, impactando positivamente en el sector residencial, industrial y hotelero.<\/span><\/p>\n<p><span style=\"font-size: 10pt;\">El Gobierno de Todos, a trav\u00e9s de la ejecuci\u00f3n de las nuevas obras de transmisi\u00f3n promueve el desarrollo productivo, comercial y dinamiza la econom\u00eda de las zonas de influencia donde se ubican los mismos. Adem\u00e1s, la ejecuci\u00f3n del proyecto ha generado 400 fuentes de empleo directo e indirecto.<\/span><\/p>\n<p><span style=\"font-size: 10pt;\">La construcci\u00f3n de este nuevo sistema de transmisi\u00f3n de energ\u00eda el\u00e9ctrica registra un avance del 86 %. Las obras que lo conforman son:<\/span><\/p>\n<ul>\n<li><span style=\"font-size: 10pt;\">Subestaci\u00f3n Quevedo, ampliaci\u00f3n de la bah\u00eda de l\u00ednea a 230 kV.<\/span><\/li>\n<li><span style=\"font-size: 10pt;\">Subestaci\u00f3n San Gregorio, ampliaci\u00f3n del patio 230 kV.<\/span><\/li>\n<li><span style=\"font-size: 10pt;\">L\u00ednea de Transmisi\u00f3n San Gregorio \u2013 San Juan de Manta 230 kV.<\/span><\/li>\n<li><span style=\"font-size: 10pt;\">Subestaci\u00f3n San Juan de Manta, 230\/69 kV, 225 MVA<\/span><\/li>\n<\/ul>\n<p><span style=\"font-size: 10pt;\"><strong>Un compromiso con el ambiente<\/strong><\/span><\/p>\n<p><span style=\"font-size: 10pt;\">Entre las acciones que implement\u00f3 CELEC EP para la ejecuci\u00f3n de esta obra est\u00e1 un plan de reforestaci\u00f3n en el Cerro de Hojas Jaboncillo, ubicado en la parroquia Picoaz\u00e1, cant\u00f3n Portoviejo. Para desarrollar esta actividad se sembraron 3 600 especies end\u00e9micas, entre las que se destacan: ceiba, seca, jaboncillo, \u00e9bano, algarrobo, barbasco y teca.<\/span><\/p>\n<p><span style=\"font-size: 10pt;\">Gracias a un trabajo coordinado y participativo con los habitantes de esta parroquia, primero se recogieron las semillas, las que luego se sembraron en viveros habilitados en las casas de los propios vecinos. Para los pr\u00f3ximos d\u00edas se planifica la plantaci\u00f3n de estas especies en los sitios previamente seleccionados.<\/span><\/p>\n","protected":false},"excerpt":{"rendered":"<p>Manta, 14 de febrero de 2020 Bolet\u00edn de prensa&nbsp; La obra beneficia a m\u00e1s de 632 mil personas de los cantones ubicados en la zona centro de la provincia de Manab\u00ed, con una inversi\u00f3n de USD 45,5 millones. Su ejecuci\u00f3n gener\u00f3 400 fuentes de empleo directo. &nbsp;&nbsp;&nbsp;&nbsp;&nbsp;&nbsp;&nbsp;&nbsp;&nbsp;&nbsp;&nbsp;&nbsp;&nbsp;&nbsp;&nbsp;&nbsp;&nbsp;&nbsp;&nbsp;&nbsp;&nbsp;&nbsp;&nbsp;&nbsp;&nbsp;&nbsp;&nbsp;&nbsp;&nbsp;&nbsp;&nbsp;&nbsp;&nbsp;&nbsp;&nbsp;&nbsp;&nbsp;&nbsp;&nbsp;&nbsp;&nbsp;&nbsp;&nbsp;&nbsp;&nbsp;&nbsp;&nbsp;&nbsp;&nbsp;&nbsp;&nbsp;&nbsp;&nbsp;&nbsp;&nbsp;&nbsp;&nbsp;&nbsp;&nbsp;&nbsp;&nbsp;&nbsp;&nbsp;&nbsp;&nbsp;&nbsp;&nbsp;&nbsp;&nbsp;&nbsp;&nbsp;&nbsp;&nbsp;&nbsp;&nbsp;&nbsp;&nbsp;&nbsp;&nbsp;&nbsp;&nbsp;&nbsp;&nbsp;&nbsp;&nbsp;&nbsp;&nbsp;&nbsp;&nbsp;&nbsp;&nbsp;&nbsp;&nbsp;&nbsp;&nbsp;&nbsp;&nbsp;&nbsp;&nbsp;&nbsp; El Gobierno Nacional, a trav\u00e9s del Ministerio de [&hellip;]<\/p>\n","protected":false},"author":1,"featured_media":4788,"comment_status":"open","ping_status":"open","sticky":false,"template":"","format":"standard","meta":{"_acf_changed":false,"inline_featured_image":false,"_themeisle_gutenberg_block_has_review":false,"footnotes":""},"categories":[1],"tags":[],"class_list":["post-4787","post","type-post","status-publish","format-standard","has-post-thumbnail","hentry","category-uncategorized"],"acf":[],"_links":{"self":[{"href":"https:\/\/www.celec.gob.ec\/transelectric\/wp-json\/wp\/v2\/posts\/4787","targetHints":{"allow":["GET"]}}],"collection":[{"href":"https:\/\/www.celec.gob.ec\/transelectric\/wp-json\/wp\/v2\/posts"}],"about":[{"href":"https:\/\/www.celec.gob.ec\/transelectric\/wp-json\/wp\/v2\/types\/post"}],"author":[{"embeddable":true,"href":"https:\/\/www.celec.gob.ec\/transelectric\/wp-json\/wp\/v2\/users\/1"}],"replies":[{"embeddable":true,"href":"https:\/\/www.celec.gob.ec\/transelectric\/wp-json\/wp\/v2\/comments?post=4787"}],"version-history":[{"count":0,"href":"https:\/\/www.celec.gob.ec\/transelectric\/wp-json\/wp\/v2\/posts\/4787\/revisions"}],"wp:featuredmedia":[{"embeddable":true,"href":"https:\/\/www.celec.gob.ec\/transelectric\/wp-json\/wp\/v2\/media\/4788"}],"wp:attachment":[{"href":"https:\/\/www.celec.gob.ec\/transelectric\/wp-json\/wp\/v2\/media?parent=4787"}],"wp:term":[{"taxonomy":"category","embeddable":true,"href":"https:\/\/www.celec.gob.ec\/transelectric\/wp-json\/wp\/v2\/categories?post=4787"},{"taxonomy":"post_tag","embeddable":true,"href":"https:\/\/www.celec.gob.ec\/transelectric\/wp-json\/wp\/v2\/tags?post=4787"}],"curies":[{"name":"wp","href":"https:\/\/api.w.org\/{rel}","templated":true}]}}