{"id":4810,"date":"2021-10-13T21:17:28","date_gmt":"2021-10-14T02:17:28","guid":{"rendered":"https:\/\/www.celec.gob.ec\/transelectric\/?p=3119"},"modified":"2021-10-13T21:17:28","modified_gmt":"2021-10-14T02:17:28","slug":"celec-ep-avanza-en-la-ampliacion-y-modernizacion-de-la-subestacion-quevedo-con-la-energizacion-del-nuevo-transformador-de-225-mva","status":"publish","type":"post","link":"https:\/\/www.celec.gob.ec\/transelectric\/uncategorized\/celec-ep-avanza-en-la-ampliacion-y-modernizacion-de-la-subestacion-quevedo-con-la-energizacion-del-nuevo-transformador-de-225-mva\/","title":{"rendered":"CELEC EP avanza en la ampliaci\u00f3n y modernizaci\u00f3n de la subestaci\u00f3n Quevedo, con la energizaci\u00f3n del nuevo transformador de 225 MVA"},"content":{"rendered":"<p>Quevedo, 13 de octubre de 2021<\/p>\n<p style=\"text-align: justify;\">La Corporaci\u00f3n El\u00e9ctrica del Ecuador (CELEC EP), a trav\u00e9s de su Unidad de Negocio Transelectric, ejecuta la ampliaci\u00f3n y modernizaci\u00f3n de la subestaci\u00f3n Quevedo, provincia de Los R\u00edos. Estos trabajos contribuir\u00e1n a extender la vida \u00fatil de la instalaci\u00f3n y permitir\u00e1 fortalecer y mejorar el servicio de transmisi\u00f3n de energ\u00eda el\u00e9ctrica a las provincias de Los R\u00edos y parte de Manab\u00ed.<\/p>\n<p style=\"text-align: justify;\">El pasado 12 de octubre se energiz\u00f3 y puso en operaci\u00f3n el nuevo transformador de 230\/69\/13.8 kV, 225 MVA, en esta subestaci\u00f3n. Este hito es parte de las obras contempladas para la modernizaci\u00f3n, que tambi\u00e9n incluye el reemplazo del 90% del equipamiento primario actual, la implementaci\u00f3n de un sistema de control, protecciones y comunicaciones con una tecnolog\u00eda digital de \u00faltima generaci\u00f3n, el reemplazo total del sistema de servicios auxiliares en corriente alterna y continua, para brindar mejores prestaciones a las actividades de operaci\u00f3n y mantenimiento. &nbsp;<\/p>\n<p style=\"text-align: justify;\">Este proyecto reporta a la fecha un avance del 94%. El gerente de la Unidad de Negocio Transelectric, Ra\u00fal Canelos, expres\u00f3 que \u201cgracias al trabajo del personal que labora de forma permanente en los diferentes frentes, se puede fortalecer el servicio de transmisi\u00f3n de energ\u00eda en todo el pa\u00eds, en beneficio de todos los ecuatorianos\u201d.<\/p>\n<p style=\"text-align: justify;\">El Gobierno del Encuentro, a trav\u00e9s del Ministerio de Energ\u00eda y Recursos Naturales No Renovables y CELEC EP, impulsa el desarrollo en las diferentes provincias del pa\u00eds, a trav\u00e9s de las nuevas obras de transmisi\u00f3n de energ\u00eda el\u00e9ctrica.<\/p>\n<p style=\"text-align: center;\"><img loading=\"lazy\" decoding=\"async\" class=\" size-full wp-image-3118\" src=\"https:\/\/www.celec.gob.ec\/transelectric\/wp-content\/uploads\/2021\/10\/1trafoqueved1.jpg\" alt=\"1trafoqueved1\" width=\"600\" height=\"450\" \/><\/p>\n<p style=\"text-align: center;\"><strong><em>Equipo t\u00e9cnico de CELEC EP TRANSELECTRIC que particip\u00f3 en la energizaci\u00f3n del transformador instalado en la subestaci\u00f3n Quevedo.<\/em><\/strong><\/p>\n","protected":false},"excerpt":{"rendered":"<p>Quevedo, 13 de octubre de 2021 La Corporaci\u00f3n El\u00e9ctrica del Ecuador (CELEC EP), a trav\u00e9s de su Unidad de Negocio Transelectric, ejecuta la ampliaci\u00f3n y modernizaci\u00f3n de la subestaci\u00f3n Quevedo, provincia de Los R\u00edos. Estos trabajos contribuir\u00e1n a extender la vida \u00fatil de la instalaci\u00f3n y permitir\u00e1 fortalecer y mejorar el servicio de transmisi\u00f3n de [&hellip;]<\/p>\n","protected":false},"author":1,"featured_media":4811,"comment_status":"open","ping_status":"open","sticky":false,"template":"","format":"standard","meta":{"_acf_changed":false,"inline_featured_image":false,"_themeisle_gutenberg_block_has_review":false,"footnotes":""},"categories":[1],"tags":[],"class_list":["post-4810","post","type-post","status-publish","format-standard","has-post-thumbnail","hentry","category-uncategorized"],"acf":[],"_links":{"self":[{"href":"https:\/\/www.celec.gob.ec\/transelectric\/wp-json\/wp\/v2\/posts\/4810","targetHints":{"allow":["GET"]}}],"collection":[{"href":"https:\/\/www.celec.gob.ec\/transelectric\/wp-json\/wp\/v2\/posts"}],"about":[{"href":"https:\/\/www.celec.gob.ec\/transelectric\/wp-json\/wp\/v2\/types\/post"}],"author":[{"embeddable":true,"href":"https:\/\/www.celec.gob.ec\/transelectric\/wp-json\/wp\/v2\/users\/1"}],"replies":[{"embeddable":true,"href":"https:\/\/www.celec.gob.ec\/transelectric\/wp-json\/wp\/v2\/comments?post=4810"}],"version-history":[{"count":0,"href":"https:\/\/www.celec.gob.ec\/transelectric\/wp-json\/wp\/v2\/posts\/4810\/revisions"}],"wp:featuredmedia":[{"embeddable":true,"href":"https:\/\/www.celec.gob.ec\/transelectric\/wp-json\/wp\/v2\/media\/4811"}],"wp:attachment":[{"href":"https:\/\/www.celec.gob.ec\/transelectric\/wp-json\/wp\/v2\/media?parent=4810"}],"wp:term":[{"taxonomy":"category","embeddable":true,"href":"https:\/\/www.celec.gob.ec\/transelectric\/wp-json\/wp\/v2\/categories?post=4810"},{"taxonomy":"post_tag","embeddable":true,"href":"https:\/\/www.celec.gob.ec\/transelectric\/wp-json\/wp\/v2\/tags?post=4810"}],"curies":[{"name":"wp","href":"https:\/\/api.w.org\/{rel}","templated":true}]}}