{"id":4821,"date":"2021-06-28T00:35:33","date_gmt":"2021-06-28T05:35:33","guid":{"rendered":"https:\/\/www.celec.gob.ec\/transelectric\/?p=2942"},"modified":"2021-06-28T00:35:33","modified_gmt":"2021-06-28T05:35:33","slug":"celec-ep-incorpora-la-nueva-subestacion-la-paz-a-138-mil-voltios-al-sistema-nacional-de-transmision","status":"publish","type":"post","link":"https:\/\/www.celec.gob.ec\/transelectric\/uncategorized\/celec-ep-incorpora-la-nueva-subestacion-la-paz-a-138-mil-voltios-al-sistema-nacional-de-transmision\/","title":{"rendered":"CELEC EP incorpora la nueva subestaci\u00f3n la Paz, a 138 mil voltios, al Sistema Nacional de Transmisi\u00f3n"},"content":{"rendered":"<p><strong>Nab\u00f3n, 28 de junio de 2021<\/strong><\/p>\n<p style=\"text-align: justify;\">El pasado 27 de junio, la Corporaci\u00f3n El\u00e9ctrica del Ecuador -CELEC EP-, a trav\u00e9s de su Unidad de Negocio Transelectric, &nbsp;conjuntamente con la empresa ELECAUSTRO S.A., energizaron y pusieron en operaci\u00f3n la subestaci\u00f3n La Paz, a 138 mil voltios, ubicada en el cant\u00f3n Nab\u00f3n, provincia del Azuay. Esta obra permitir\u00e1 la interconexi\u00f3n del futuro parque e\u00f3lico Minas de Huascachaca, de 50 MW (megavatios), con el Sistema Nacional de Transmisi\u00f3n (SNT)<\/p>\n<p style=\"text-align: justify;\">La subestaci\u00f3n La Paz secciona un circuito de la l\u00ednea de transmisi\u00f3n Cuenca \u2013Yanacocha, a 138 mil voltios, perteneciente a CELEC EP TRANSELECTRIC y transportar\u00e1 la energ\u00eda que producir\u00e1 el parque e\u00f3lico Minas de Huascachaca, que es construido por ELECAUSTRO S.A. La nueva subestaci\u00f3n fue construida por la empresa generadora y supervisada por personal t\u00e9cnico de la Unidad de Negocio TRANSELECTRIC.<\/p>\n<p style=\"text-align: justify;\">En la energizaci\u00f3n estuvo presente el Ing. Ra\u00fal Canelos, gerente de CELEC EP TRANSELECTRIC, quien, conjuntamente con el equipo t\u00e9cnico de la Unidad de Negocio, verificaron el funcionamiento de la obra. Destac\u00f3 que &nbsp;la nueva subestaci\u00f3n la Paz est\u00e1 disponible para cuando inicie la operaci\u00f3n del parque e\u00f3lico Huascachaca, lo que permitir\u00e1 mejorar la entrega de energ\u00eda en el &nbsp;corto plazo al SNT,&nbsp; que transporta la energ\u00eda desde&nbsp; las centrales de generaci\u00f3n hacia las empresas distribuidoras a escala nacional, a trav\u00e9s de la red de transmisi\u00f3n en alto voltaje.<\/p>\n<p style=\"text-align: justify;\">Estas acciones son posible gracias al trabajo integrado entre empresas del sector el\u00e9ctrico, para lo cual se firm\u00f3 el Convenio de Cooperaci\u00f3n Interinstitucional entre ELECAUSTRO S.A. y CELEC EP TRANSELECTRIC, en el a\u00f1o 2020. De esta forma, la empresa transmisora supervis\u00f3 todos los trabajos en sus diferentes fases relacionados a la construcci\u00f3n, montaje, prueba y puesta en servicio de la nueva subestaci\u00f3n La Paz, conforme la Resoluci\u00f3n No. ARCONEL-006\/2020.<\/p>\n<p style=\"text-align: justify;\">De acuerdo con el Reglamento de la Ley Org\u00e1nica del Servicio P\u00fablico de Energ\u00eda El\u00e9ctrica, este tipo de instalaciones (subestaciones de transmisi\u00f3n) deben ser transferidas a la empresa transmisora. En tal raz\u00f3n, la subestaci\u00f3n La Paz pasar\u00e1 a formar parte de los activos del SNT, de propiedad de CELEC EP TRANSELECTRIC.<\/p>\n<p style=\"text-align: justify;\">A trav\u00e9s de esta obra, El Gobierno del Encuentro, a trav\u00e9s del Ministerio de Energ\u00eda y Recursos Naturales No Renovables y la Corporaci\u00f3n El\u00e9ctrica del Ecuador, prioriza la entrega de servicios de calidad a los ciudadanos.<\/p>\n<p style=\"text-align: justify;\">Para acceder a material fotogr\u00e1fico dar clic aqu\u00ed: <a href=\"https:\/\/celecloud.celec.gob.ec\/s\/fMdDwQ6dx55PDjf\"><\/a><a href=\"https:\/\/celecloud.celec.gob.ec\/s\/fMdDwQ6dx55PDjf\">https:\/\/celecloud.celec.gob.ec\/s\/fMdDwQ6dx55PDjf<\/a><\/p>\n<p style=\"text-align: center;\"><img loading=\"lazy\" decoding=\"async\" class=\" size-full wp-image-2941\" src=\"https:\/\/www.celec.gob.ec\/transelectric\/wp-content\/uploads\/2021\/06\/1nabon11.jpg\" alt=\"1nabon11\" width=\"550\" height=\"413\" \/><\/p>\n<p style=\"text-align: center;\"><strong><em>Nueva subestaci\u00f3n La paz, cant\u00f3n Nab\u00f3n, provincia de Azuay, ser\u00e1 operada por CELEC EP TRANSELECTRIC<\/em><\/strong><\/p>\n","protected":false},"excerpt":{"rendered":"<p>Nab\u00f3n, 28 de junio de 2021 El pasado 27 de junio, la Corporaci\u00f3n El\u00e9ctrica del Ecuador -CELEC EP-, a trav\u00e9s de su Unidad de Negocio Transelectric, &nbsp;conjuntamente con la empresa ELECAUSTRO S.A., energizaron y pusieron en operaci\u00f3n la subestaci\u00f3n La Paz, a 138 mil voltios, ubicada en el cant\u00f3n Nab\u00f3n, provincia del Azuay. Esta obra [&hellip;]<\/p>\n","protected":false},"author":1,"featured_media":4822,"comment_status":"open","ping_status":"open","sticky":false,"template":"","format":"standard","meta":{"_acf_changed":false,"inline_featured_image":false,"_themeisle_gutenberg_block_has_review":false,"footnotes":""},"categories":[1],"tags":[],"class_list":["post-4821","post","type-post","status-publish","format-standard","has-post-thumbnail","hentry","category-uncategorized"],"acf":[],"_links":{"self":[{"href":"https:\/\/www.celec.gob.ec\/transelectric\/wp-json\/wp\/v2\/posts\/4821","targetHints":{"allow":["GET"]}}],"collection":[{"href":"https:\/\/www.celec.gob.ec\/transelectric\/wp-json\/wp\/v2\/posts"}],"about":[{"href":"https:\/\/www.celec.gob.ec\/transelectric\/wp-json\/wp\/v2\/types\/post"}],"author":[{"embeddable":true,"href":"https:\/\/www.celec.gob.ec\/transelectric\/wp-json\/wp\/v2\/users\/1"}],"replies":[{"embeddable":true,"href":"https:\/\/www.celec.gob.ec\/transelectric\/wp-json\/wp\/v2\/comments?post=4821"}],"version-history":[{"count":0,"href":"https:\/\/www.celec.gob.ec\/transelectric\/wp-json\/wp\/v2\/posts\/4821\/revisions"}],"wp:featuredmedia":[{"embeddable":true,"href":"https:\/\/www.celec.gob.ec\/transelectric\/wp-json\/wp\/v2\/media\/4822"}],"wp:attachment":[{"href":"https:\/\/www.celec.gob.ec\/transelectric\/wp-json\/wp\/v2\/media?parent=4821"}],"wp:term":[{"taxonomy":"category","embeddable":true,"href":"https:\/\/www.celec.gob.ec\/transelectric\/wp-json\/wp\/v2\/categories?post=4821"},{"taxonomy":"post_tag","embeddable":true,"href":"https:\/\/www.celec.gob.ec\/transelectric\/wp-json\/wp\/v2\/tags?post=4821"}],"curies":[{"name":"wp","href":"https:\/\/api.w.org\/{rel}","templated":true}]}}